{"id":6542,"date":"2022-01-04T13:42:10","date_gmt":"2022-01-04T13:42:10","guid":{"rendered":"http:\/\/www.radiolimari.cl\/?p=6542"},"modified":"2022-01-04T13:42:10","modified_gmt":"2022-01-04T13:42:10","slug":"78-millones-de-pesos-aporta-sercotec-con-programa-especial-reactivate-feria-modelo-de-ovalle","status":"publish","type":"post","link":"https:\/\/www.radiolimari.cl\/?p=6542","title":{"rendered":"78 millones de pesos aporta SERCOTEC  con programa Especial \u201cReact\u00edvate Feria Modelo de Ovalle\u201d"},"content":{"rendered":"<p><a href=\"https:\/\/www.radiolimari.cl\/wp-content\/uploads\/2022\/01\/4.1-apoyo-feria-modelo.jpg\"><img fetchpriority=\"high\" decoding=\"async\" class=\"alignnone size-medium wp-image-6543\" src=\"https:\/\/www.radiolimari.cl\/wp-content\/uploads\/2022\/01\/4.1-apoyo-feria-modelo-300x200.jpg\" alt=\"4.1 apoyo feria modelo\" width=\"300\" height=\"200\" srcset=\"https:\/\/www.radiolimari.cl\/wp-content\/uploads\/2022\/01\/4.1-apoyo-feria-modelo-300x200.jpg 300w, https:\/\/www.radiolimari.cl\/wp-content\/uploads\/2022\/01\/4.1-apoyo-feria-modelo-1024x682.jpg 1024w\" sizes=\"(max-width: 300px) 100vw, 300px\" \/><\/a><\/p>\n<p><strong><em>El programa especial fue elaborado en tiempo record con la gesti\u00f3n multisectorial de la Delegaci\u00f3n Presidencial, la Seremi de Econom\u00eda y el Municipio ovallino.<\/em><\/strong><!--more--><\/p>\n<p>&nbsp;<\/p>\n<p>Desde el sitio mismo del incendio que afect\u00f3 a los locales de la Feria Modelo de Ovalle se realiz\u00f3 la difusi\u00f3n de la entrega de recursos a los locatarios que perdieron sus productos, enseres y fuente hacia casi 20 d\u00edas.<\/p>\n<p>Para Erika Carvajal, Presidenta de la Asociaci\u00f3n Gremial de Comerciantes Mayoristas de Ovalle, han sido d\u00edas muy complejos, porque <strong>\u201cla sensaci\u00f3n fue muy tensa, podr\u00edamos haber sido todos. Fue terrible ver a nuestros compa\u00f1eros sin nada\u201d<\/strong>, record\u00f3.<\/p>\n<p>Por ello es que en tiempo record, y con el catastro de afectados que realiz\u00f3 la seremi de econom\u00eda, Sercotec y la municipalidad de Ovalle, se pudo cuantificar las p\u00e9rdidas y a los feriantes m\u00e1s afectados por el siniestro. De esta forma, SERCOTEC gener\u00f3 el Programa Especial \u201cReact\u00edvate Feria Modelo de Ovalle\u201d que es una convocatoria dirigida especialmente a los locatarios de la feria que con antecedentes en mano y cumpliendo los requisitos, podr\u00e1n acceder a los fondos, los que alcanzan en total superan los 78 millones de pesos.<\/p>\n<p><strong>\u201cEstos recursos son muy necesarios. Y hubo mucha dificultad para encontrarlos, pero ac\u00e1 hubo un esfuerzo del Ministerio y de todos sus profesionales para disponer de la ayuda y las alternativas. Las emergencias no esperan y esto tambi\u00e9n permite reiniciar el trabajo de las personas afectadas, ya que esto permite no s\u00f3lo que recuperen lo perdido, tambi\u00e9n crecer en sus emprendimientos\u201d<\/strong>, indic\u00f3 el Delegado Presidencial Regional, Ignacio Pinto.<\/p>\n<p>De esta forma, se inicia un trabajo para que en el m\u00e1s corto plazo, y a trav\u00e9s de SERCOTEC, se les entregue un subsidio no reembolsable de $2.600.000 a los 27 locatarios que fueron afectados por el siniestro. \u201c<strong>En verdad lo hicimos en tiempo record. Es de todos conocido que est\u00e1bamos cerrando el a\u00f1o, pero hicimos gestiones al m\u00e1s alto nivel y pudimos llegar con 78,6 millones de pesos, que vamos a tratar de que ellos los reciban lo m\u00e1s urgente posible. Ya le presentamos al equipo de trabajo. Sabemos que no van a superar todos sus problemas, pero es una ayuda importante para que inviertan en activos, en capital de trabajo que se necesita hoy en d\u00eda y puedan reactivar la actividad comercial, que es el esp\u00edritu de SERCOTEC apoyando a las micro y peque\u00f1as empresas<\/strong>\u201d; destac\u00f3 el director regional del organismo, Fernando Contreras.<\/p>\n<p>En tanto, desde el Municipio de Ovalle valoraron el apoyo y anunciaron que trabajar\u00e1n en paralelo en el proyecto de lo que podr\u00eda ser la nueva cara de Feria Modelo de Ovalle.<\/p>\n<p>Al respecto, acot\u00f3 que trabajar\u00e1n en conjunto con la Subsecretar\u00eda de Desarrollo Regional para ir concretando este objetivo. <strong>\u201cAqu\u00ed no vamos a dejar nada al azar, vamos hacer como corresponde las cosas. Las vamos a hacer lo m\u00e1s r\u00e1pido posible, para satisfacer las necesidades de nuestros locatarios y comerciantes que realmente pasaron una pascua, p\u00e9sima, y un a\u00f1o nuevo tres veces m\u00e1s p\u00e9simo. As\u00ed que espero que este a\u00f1o 2022, nos traiga mucha felicidad\u201d, <\/strong>destac\u00f3 el edil.<\/p>\n<p>\u201c<strong>Esperamos que la construcci\u00f3n sea lo antes posible para poder estar en la normalidad que ten\u00edamos antes, y poder no sentir esa sensaci\u00f3n de pena, de tristeza que tuvimos en primera instancia, de que podr\u00edamos haber sido todos<\/strong>\u201d, resalt\u00f3 por su parte Erika Carvajal a nombre de los feriantes y locatarios afectados por el siniestro.<\/p>\n","protected":false},"excerpt":{"rendered":"<p>El programa especial fue elaborado en tiempo record con la gesti\u00f3n multisectorial de la Delegaci\u00f3n Presidencial, la Seremi de Econom\u00eda y el Municipio ovallino.<\/p>\n","protected":false},"author":2,"featured_media":6543,"comment_status":"open","ping_status":"open","sticky":false,"template":"","format":"standard","meta":{"footnotes":""},"categories":[5],"tags":[],"class_list":["post-6542","post","type-post","status-publish","format-standard","has-post-thumbnail","hentry","category-actualidad-limarina"],"_links":{"self":[{"href":"https:\/\/www.radiolimari.cl\/index.php?rest_route=\/wp\/v2\/posts\/6542","targetHints":{"allow":["GET"]}}],"collection":[{"href":"https:\/\/www.radiolimari.cl\/index.php?rest_route=\/wp\/v2\/posts"}],"about":[{"href":"https:\/\/www.radiolimari.cl\/index.php?rest_route=\/wp\/v2\/types\/post"}],"author":[{"embeddable":true,"href":"https:\/\/www.radiolimari.cl\/index.php?rest_route=\/wp\/v2\/users\/2"}],"replies":[{"embeddable":true,"href":"https:\/\/www.radiolimari.cl\/index.php?rest_route=%2Fwp%2Fv2%2Fcomments&post=6542"}],"version-history":[{"count":1,"href":"https:\/\/www.radiolimari.cl\/index.php?rest_route=\/wp\/v2\/posts\/6542\/revisions"}],"predecessor-version":[{"id":6544,"href":"https:\/\/www.radiolimari.cl\/index.php?rest_route=\/wp\/v2\/posts\/6542\/revisions\/6544"}],"wp:featuredmedia":[{"embeddable":true,"href":"https:\/\/www.radiolimari.cl\/index.php?rest_route=\/wp\/v2\/media\/6543"}],"wp:attachment":[{"href":"https:\/\/www.radiolimari.cl\/index.php?rest_route=%2Fwp%2Fv2%2Fmedia&parent=6542"}],"wp:term":[{"taxonomy":"category","embeddable":true,"href":"https:\/\/www.radiolimari.cl\/index.php?rest_route=%2Fwp%2Fv2%2Fcategories&post=6542"},{"taxonomy":"post_tag","embeddable":true,"href":"https:\/\/www.radiolimari.cl\/index.php?rest_route=%2Fwp%2Fv2%2Ftags&post=6542"}],"curies":[{"name":"wp","href":"https:\/\/api.w.org\/{rel}","templated":true}]}}