{"id":6533,"date":"2022-01-03T14:21:50","date_gmt":"2022-01-03T14:21:50","guid":{"rendered":"http:\/\/www.radiolimari.cl\/?p=6533"},"modified":"2022-01-03T14:21:50","modified_gmt":"2022-01-03T14:21:50","slug":"carabineros-inicio-plan-verano-seguro-con-mayor-enfasis-en-la-fiscalizacion","status":"publish","type":"post","link":"https:\/\/www.radiolimari.cl\/?p=6533","title":{"rendered":"Carabineros inici\u00f3 plan \u00abverano seguro\u00bb, con mayor \u00e9nfasis en la fiscalizaci\u00f3n"},"content":{"rendered":"<p><a href=\"https:\/\/www.radiolimari.cl\/wp-content\/uploads\/2022\/01\/3.1-carabineros.jpg\"><img fetchpriority=\"high\" decoding=\"async\" class=\"alignnone size-medium wp-image-6534\" src=\"https:\/\/www.radiolimari.cl\/wp-content\/uploads\/2022\/01\/3.1-carabineros-300x207.jpg\" alt=\"3.1 carabineros\" width=\"300\" height=\"207\" srcset=\"https:\/\/www.radiolimari.cl\/wp-content\/uploads\/2022\/01\/3.1-carabineros-300x207.jpg 300w, https:\/\/www.radiolimari.cl\/wp-content\/uploads\/2022\/01\/3.1-carabineros.jpg 1024w\" sizes=\"(max-width: 300px) 100vw, 300px\" \/><\/a><\/p>\n<p><strong><em>Con un refuerzo del contingente, se trabaja en la prevenci\u00f3n, educaci\u00f3n y fiscalizaci\u00f3n a fin de evitar delitos en el borde costero y focos tur\u00edsticos.<\/em><\/strong><!--more--><\/p>\n<p>Con el apoyo y arribo de nuevos efectivos policiales a la zona se llev\u00f3 a cabo el lanzamiento del Plan Verano Seguro de Carabineros de Chile el que busca entregar, durante la \u00e9poca estival, una mayor sensaci\u00f3n de seguridad a los residentes y turistas que prefieran pasar sus vacaciones en la Regi\u00f3n de Coquimbo.<\/p>\n<p>En la ocasi\u00f3n, se destac\u00f3 que los servicios de Carabineros en terreno estar\u00e1n apoyados por diversos recursos como bicicletas, motos de tr\u00e1nsito, radiopatrullas, motos, adem\u00e1s de un despliegue de grupos especializados y uso de tecnolog\u00eda, principalmente drones.<\/p>\n<p>Dentro de la planificaci\u00f3n, informada por la instituci\u00f3n, se anunci\u00f3, entre otras medidas, la instalaci\u00f3n temporal de un ret\u00e9n en Punta de Choros, consistente en una garita comunitaria, y se elev\u00f3 de categor\u00eda de manera estacional, el Ret\u00e9n Guanaqueros, a Tenencia. Ambas medidas, tienen el objetivo de reforzar los servicios de orden, seguridad y tr\u00e1nsito en las localidades costeras mencionadas durante el verano.<\/p>\n<p>Al respecto, la Jefa suplente de la IV Zona de Carabineros, General Marcela Gonz\u00e1lez sostuvo que <strong>\u201ctrabajamos 24\/7 para dar seguridad a nuestra comunidad, y el verano no ser\u00e1 la excepci\u00f3n. Estamos preocupados y ocupados, en que los habitantes de la regi\u00f3n y los turistas que lleguen, puedan veranear tranquilos, y por eso nuestra labor apuntar\u00e1 a resguardar de su seguridad en todo sentido. Estaremos fiscalizando para prevenir. A trav\u00e9s de controles vehiculares y de identidad, fiscalizaci\u00f3n en los puntos de acceso a la regi\u00f3n, presencia en los terminales de buses, patrullajes diurnos y nocturnos y el trabajo conjunto y colaborativo con servicios p\u00fablicos y municipalidades, buscaremos disminuir los riesgos para la comunidad, de ocurrencia de delitos y contagios\u201d<\/strong>.<\/p>\n<p>En tanto, el Delegado Presidencial Regional, Ignacio Pinto, destac\u00f3 la importancia del trabajo policial en los meses de enero y febrero porque <strong>\u201csabemos que la regi\u00f3n es uno de los cuatro destinos m\u00e1s requeridos por los turistas nacionales y que vamos a tener una gran cantidad de personas durante esta temporada y por eso el \u201cPlan Verano Seguro\u201d viene a reforzar los servicios de Carabineros de Chile durante esta temporada y es tremendamente necesario para que cada comuna de la regi\u00f3n se sienta protegida\u201d<\/strong>, sostuvo la autoridad regional.<\/p>\n<p>Adicionalmente, el Delegado Pinto recalc\u00f3 que <strong>\u201cel llamado siempre es a la ciudadan\u00eda que tambi\u00e9n colabore y que no dependa de la acci\u00f3n policial el mal o buen comportamiento que tengamos, sino que tambi\u00e9n a nuestra conducta de autocuidado, de trabajar preventivamente, de evitar ciertas situaciones para que la acci\u00f3n delictual no pueda lograr su cometido. Creo que es una muestra m\u00e1s del compromiso institucional que Carabineros tiene con cada rinc\u00f3n del pa\u00eds y por eso destacar el trabajo que van a desarrollar durante este fin de semana y las fiestas de fin de a\u00f1o como tambi\u00e9n durante todo el verano\u201d<\/strong>.<\/p>\n<p><strong>\u00a0<\/strong><\/p>\n","protected":false},"excerpt":{"rendered":"<p>Con un refuerzo del contingente, se trabaja en la prevenci\u00f3n, educaci\u00f3n y fiscalizaci\u00f3n a fin de evitar delitos en el borde costero y focos tur\u00edsticos.<\/p>\n","protected":false},"author":2,"featured_media":6534,"comment_status":"open","ping_status":"open","sticky":false,"template":"","format":"standard","meta":{"footnotes":""},"categories":[6],"tags":[],"class_list":["post-6533","post","type-post","status-publish","format-standard","has-post-thumbnail","hentry","category-regionales"],"_links":{"self":[{"href":"https:\/\/www.radiolimari.cl\/index.php?rest_route=\/wp\/v2\/posts\/6533","targetHints":{"allow":["GET"]}}],"collection":[{"href":"https:\/\/www.radiolimari.cl\/index.php?rest_route=\/wp\/v2\/posts"}],"about":[{"href":"https:\/\/www.radiolimari.cl\/index.php?rest_route=\/wp\/v2\/types\/post"}],"author":[{"embeddable":true,"href":"https:\/\/www.radiolimari.cl\/index.php?rest_route=\/wp\/v2\/users\/2"}],"replies":[{"embeddable":true,"href":"https:\/\/www.radiolimari.cl\/index.php?rest_route=%2Fwp%2Fv2%2Fcomments&post=6533"}],"version-history":[{"count":1,"href":"https:\/\/www.radiolimari.cl\/index.php?rest_route=\/wp\/v2\/posts\/6533\/revisions"}],"predecessor-version":[{"id":6535,"href":"https:\/\/www.radiolimari.cl\/index.php?rest_route=\/wp\/v2\/posts\/6533\/revisions\/6535"}],"wp:featuredmedia":[{"embeddable":true,"href":"https:\/\/www.radiolimari.cl\/index.php?rest_route=\/wp\/v2\/media\/6534"}],"wp:attachment":[{"href":"https:\/\/www.radiolimari.cl\/index.php?rest_route=%2Fwp%2Fv2%2Fmedia&parent=6533"}],"wp:term":[{"taxonomy":"category","embeddable":true,"href":"https:\/\/www.radiolimari.cl\/index.php?rest_route=%2Fwp%2Fv2%2Fcategories&post=6533"},{"taxonomy":"post_tag","embeddable":true,"href":"https:\/\/www.radiolimari.cl\/index.php?rest_route=%2Fwp%2Fv2%2Ftags&post=6533"}],"curies":[{"name":"wp","href":"https:\/\/api.w.org\/{rel}","templated":true}]}}