{"id":6529,"date":"2022-01-03T13:30:26","date_gmt":"2022-01-03T13:30:26","guid":{"rendered":"http:\/\/www.radiolimari.cl\/?p=6529"},"modified":"2022-01-03T13:30:26","modified_gmt":"2022-01-03T13:30:26","slug":"en-el-palqui-comuna-de-monte-patria-junji-inaugura-moderno-jardin-infantil","status":"publish","type":"post","link":"https:\/\/www.radiolimari.cl\/?p=6529","title":{"rendered":"En El Palqui, comuna de Monte Patria JUNJI inaugura moderno jard\u00edn infantil."},"content":{"rendered":"<p><a href=\"https:\/\/www.radiolimari.cl\/wp-content\/uploads\/2022\/01\/3.1-jardin-el-palqui-AMANCAY-2.jpg\"><img fetchpriority=\"high\" decoding=\"async\" class=\"alignnone size-medium wp-image-6531\" src=\"https:\/\/www.radiolimari.cl\/wp-content\/uploads\/2022\/01\/3.1-jardin-el-palqui-AMANCAY-2-300x225.jpg\" alt=\"3.1 jardin el palqui AMANCAY 2\" width=\"300\" height=\"225\" srcset=\"https:\/\/www.radiolimari.cl\/wp-content\/uploads\/2022\/01\/3.1-jardin-el-palqui-AMANCAY-2-300x225.jpg 300w, https:\/\/www.radiolimari.cl\/wp-content\/uploads\/2022\/01\/3.1-jardin-el-palqui-AMANCAY-2-1024x768.jpg 1024w, https:\/\/www.radiolimari.cl\/wp-content\/uploads\/2022\/01\/3.1-jardin-el-palqui-AMANCAY-2.jpg 1280w\" sizes=\"(max-width: 300px) 100vw, 300px\" \/><\/a><\/p>\n<p><i style=\"color: #222222;\">El nuevo establecimiento cuenta con dos salas cunas y dos niveles medios para entregar educaci\u00f3n inicial a 96 ni\u00f1os y ni\u00f1as.<\/i><!--more--><\/p>\n<div style=\"color: #222222;\">En la comuna de Monte Patria, la Junta Nacional de Jardines Infantiles (JUNJI) inaugur\u00f3 un nuevo y moderno establecimiento de educaci\u00f3n parvularia, el cual se llama \u201cAmancay\u201d, palabra de origen Diaguita cuyo significado es \u201cel coraz\u00f3n de una flor\u201d, nombre que fue elegido por la comunidad tras una consulta ciudadana, donde participaron padres, apoderados, equipo t\u00e9cnico pedag\u00f3gico y redes de apoyo.<\/div>\n<div style=\"color: #222222;\">\nLa nueva infraestructura ubicada en la localidad de El Palqui cuenta con dos salas cunas y dos niveles medios para atender a 96 ni\u00f1os y ni\u00f1as.<\/div>\n<div style=\"color: #222222;\">\n\u201cEstamos muy orgullosas como instituci\u00f3n de tener el privilegio de que nuestro jard\u00edn abra oficialmente sus puertas a la comunidad. Lo importante es que las familias se sientan seguras, ya que estamos cumpliendo con todos los protocolos sanitarios, velando por la salud de todos los p\u00e1rvulos, por lo que los invitamos a conocer nuestro jard\u00edn\u201d, se\u00f1al\u00f3 Carla Araya, encargada del establecimiento.<\/div>\n<div style=\"color: #222222;\">\nPor su parte el director regional de la JUNJI, Tom\u00e1s Gonz\u00e1lez, destac\u00f3 que \u201ces una realidad hoy estar inaugurando nuestro primer jard\u00edn, lo cual tambi\u00e9n ha sido muy grato contar con la presencia de autoridades regionales que nos acompa\u00f1aron. Estamos muy contentos y entregando a la comunidad un jard\u00edn que atiende en dos niveles sala cuna y dos niveles medios, y lo importante tambi\u00e9n es ver las alegr\u00edas y emociones que esto hace reflotar en cada uno de nosotros y sobre todo al equipo t\u00e9cnico de la unidad educativa. Este espacio es muy querido por la comunidad\u201d.<\/div>\n<div style=\"color: #222222;\">\nEn esa l\u00ednea, el Seremi de Gobierno, Carlos Flores, manifest\u00f3 que \u201cquiero partir con una frase del presidente, los ni\u00f1os primero. Hoy estamos haciendo realidad esa frase y le estamos dando sentido humano, de infancia, cuidando a nuestros ni\u00f1os, protegiendo al futuro de nuestro pa\u00eds. En tiempos de pandemia fue notable ver la emoci\u00f3n en las palabras de la encargada del jard\u00edn, la emoci\u00f3n en la cara de los padres, apoderados y tambi\u00e9n vimos la alegr\u00eda e inocencia tan propia de los ni\u00f1os. Como representante del Gobierno del presidente Pi\u00f1era, estoy muy satisfecho y complacido de haber sido parte de esta hermosa experiencia\u201d.<\/div>\n<div style=\"color: #222222;\">\nCabe destacar, que el jard\u00edn Amancay, es uno de los cuatro recintos educativos para la primera infancia que entr\u00f3 en funcionamiento durante la pandemia, aumentando de esta manera el acceso a una educaci\u00f3n inicial de calidad y equitativa para m\u00e1s ni\u00f1os y ni\u00f1as de la Regi\u00f3n de Coquimbo.<\/p>\n<p><b>Caracter\u00edsticas del jard\u00edn<\/b><\/div>\n<div style=\"color: #222222;\"><b><br \/>\n<\/b>La nueva unidad educativa, fue construida en una superficie de 720m2, en un terreno que fue entregado en comodato por 20 a\u00f1os por la municipalidad de Monte Patria.<br \/>\nRespecto de la inversi\u00f3n, se destinaron m\u00e1s de 800 millones de pesos por parte de Junji, para construir una infraestructura cuyo material principal es el acero, revestido en paneles t\u00e9rmicos con terminaci\u00f3n de fachada ventilada y estucos elastom\u00e9ricos.<br \/>\nCuenta con ventanas de termopanel (doble vidrio), aire acondicionado, c\u00e1maras de televigilancia, alarmas, pisos vin\u00edlicos en salas de actividades y porcelanato en pisos de salas de mudas y en cocinas, elevador y ba\u00f1o universal (accesible).<\/div>\n","protected":false},"excerpt":{"rendered":"<p>El nuevo establecimiento cuenta con dos salas cunas y dos niveles medios para entregar educaci\u00f3n inicial a 96 ni\u00f1os y ni\u00f1as.<\/p>\n","protected":false},"author":2,"featured_media":6531,"comment_status":"open","ping_status":"open","sticky":false,"template":"","format":"standard","meta":{"footnotes":""},"categories":[5],"tags":[],"class_list":["post-6529","post","type-post","status-publish","format-standard","has-post-thumbnail","hentry","category-actualidad-limarina"],"_links":{"self":[{"href":"https:\/\/www.radiolimari.cl\/index.php?rest_route=\/wp\/v2\/posts\/6529","targetHints":{"allow":["GET"]}}],"collection":[{"href":"https:\/\/www.radiolimari.cl\/index.php?rest_route=\/wp\/v2\/posts"}],"about":[{"href":"https:\/\/www.radiolimari.cl\/index.php?rest_route=\/wp\/v2\/types\/post"}],"author":[{"embeddable":true,"href":"https:\/\/www.radiolimari.cl\/index.php?rest_route=\/wp\/v2\/users\/2"}],"replies":[{"embeddable":true,"href":"https:\/\/www.radiolimari.cl\/index.php?rest_route=%2Fwp%2Fv2%2Fcomments&post=6529"}],"version-history":[{"count":1,"href":"https:\/\/www.radiolimari.cl\/index.php?rest_route=\/wp\/v2\/posts\/6529\/revisions"}],"predecessor-version":[{"id":6532,"href":"https:\/\/www.radiolimari.cl\/index.php?rest_route=\/wp\/v2\/posts\/6529\/revisions\/6532"}],"wp:featuredmedia":[{"embeddable":true,"href":"https:\/\/www.radiolimari.cl\/index.php?rest_route=\/wp\/v2\/media\/6531"}],"wp:attachment":[{"href":"https:\/\/www.radiolimari.cl\/index.php?rest_route=%2Fwp%2Fv2%2Fmedia&parent=6529"}],"wp:term":[{"taxonomy":"category","embeddable":true,"href":"https:\/\/www.radiolimari.cl\/index.php?rest_route=%2Fwp%2Fv2%2Fcategories&post=6529"},{"taxonomy":"post_tag","embeddable":true,"href":"https:\/\/www.radiolimari.cl\/index.php?rest_route=%2Fwp%2Fv2%2Ftags&post=6529"}],"curies":[{"name":"wp","href":"https:\/\/api.w.org\/{rel}","templated":true}]}}