{"id":6524,"date":"2021-12-30T16:20:27","date_gmt":"2021-12-30T16:20:27","guid":{"rendered":"http:\/\/www.radiolimari.cl\/?p=6524"},"modified":"2021-12-30T16:21:56","modified_gmt":"2021-12-30T16:21:56","slug":"ultima-hora-ministro-de-salud-amuncia-postergacion-de-apertura-de-5-pasos-fronterizos-terrestres-ante-avance-de-variante-omicron","status":"publish","type":"post","link":"https:\/\/www.radiolimari.cl\/?p=6524","title":{"rendered":"\u00daLTIMA HORA:  Ministro de salud anuncia postergaci\u00f3n de apertura de 5 pasos fronterizos terrestres ante avance de variante \u00d3micron"},"content":{"rendered":"<p><a href=\"https:\/\/www.radiolimari.cl\/wp-content\/uploads\/2021\/12\/20.12-agua-negra1.jpeg\"><img fetchpriority=\"high\" decoding=\"async\" class=\"alignnone size-medium wp-image-6525\" src=\"https:\/\/www.radiolimari.cl\/wp-content\/uploads\/2021\/12\/20.12-agua-negra1-300x199.jpeg\" alt=\"20.12 agua negra\" width=\"300\" height=\"199\" srcset=\"https:\/\/www.radiolimari.cl\/wp-content\/uploads\/2021\/12\/20.12-agua-negra1-300x199.jpeg 300w, https:\/\/www.radiolimari.cl\/wp-content\/uploads\/2021\/12\/20.12-agua-negra1-1024x682.jpeg 1024w, https:\/\/www.radiolimari.cl\/wp-content\/uploads\/2021\/12\/20.12-agua-negra1.jpeg 1280w\" sizes=\"(max-width: 300px) 100vw, 300px\" \/><\/a><\/p>\n<p><span style=\"font-weight: 300; color: #4d5055;\">Por el momento, detall\u00f3 el ministro de Salud, Enrique Paris, no se habilitar\u00e1n los pasos de<\/span><strong style=\"font-weight: bold; color: #4d5055;\">\u00a0Aguas Negras en la regi\u00f3n de Coquimbo, Chacalluta, , Pino Hachado, Cardenal Samor\u00e9 y Dorotea.<\/strong><!--more--><\/p>\n<p style=\"font-weight: 300; color: #4d5055;\">La autoridad explic\u00f3 que la medida \u00abse ir\u00e1 evaluando seg\u00fan la evoluci\u00f3n epidemiol\u00f3gica en<strong style=\"font-weight: bold;\">\u00a0relaci\u00f3n a la variante \u00d3micron y a las cifras que vaya presentando la pandemia\u00bb.<\/strong><\/p>\n<p style=\"font-weight: 300; color: #4d5055;\">El \u00fanico paso fronterizo terrestre<strong style=\"font-weight: bold;\">\u00a0\u00abque se habilitar\u00e1 por el momento y bajo evaluaci\u00f3n estricta es Los Libertadores\u00bb.<\/strong><\/p>\n<p style=\"font-weight: 300; color: #4d5055;\">Adem\u00e1s, habr\u00e1 mayores restricciones y un<strong style=\"font-weight: bold;\">\u00a0fortalecimiento del \u00abcontrol estricto de viajeros\u00bb,\u00a0<\/strong>junto con exigir PCR negativo 72 horas antes del viaje.<\/p>\n<p style=\"font-weight: 300; color: #4d5055;\">Paris se\u00f1al\u00f3 que se tomar\u00e1n PCR al ingreso al pa\u00eds, tal como en el aeropuerto, y habr\u00e1 test de ant\u00edgenos a pasajeros y tripulantes. Tambi\u00e9n se exigir\u00e1 homologaci\u00f3n de vacunas y seguro m\u00e9dico por 30 mil d\u00f3lares.<\/p>\n<p style=\"font-weight: 300; color: #4d5055;\">Para aquellos que no tengan Pase de movilidad habilitado,<strong style=\"font-weight: bold;\">\u00a0\u00abdeber\u00e1n llevar a cabo una cuarentena de siete d\u00edas<\/strong>\u00a0en el lugar que ellos indiquen en la declaraci\u00f3n jurada de ingreso\u00bb.<\/p>\n<p>&nbsp;<\/p>\n","protected":false},"excerpt":{"rendered":"<p>Por el momento, detall\u00f3 el ministro de Salud, Enrique Paris, no se habilitar\u00e1n los pasos de\u00a0Aguas Negras en la regi\u00f3n de Coquimbo, Chacalluta, , Pino Hachado, Cardenal Samor\u00e9 y Dorotea.<\/p>\n","protected":false},"author":2,"featured_media":6525,"comment_status":"open","ping_status":"open","sticky":false,"template":"","format":"standard","meta":{"footnotes":""},"categories":[6],"tags":[],"class_list":["post-6524","post","type-post","status-publish","format-standard","has-post-thumbnail","hentry","category-regionales"],"_links":{"self":[{"href":"https:\/\/www.radiolimari.cl\/index.php?rest_route=\/wp\/v2\/posts\/6524","targetHints":{"allow":["GET"]}}],"collection":[{"href":"https:\/\/www.radiolimari.cl\/index.php?rest_route=\/wp\/v2\/posts"}],"about":[{"href":"https:\/\/www.radiolimari.cl\/index.php?rest_route=\/wp\/v2\/types\/post"}],"author":[{"embeddable":true,"href":"https:\/\/www.radiolimari.cl\/index.php?rest_route=\/wp\/v2\/users\/2"}],"replies":[{"embeddable":true,"href":"https:\/\/www.radiolimari.cl\/index.php?rest_route=%2Fwp%2Fv2%2Fcomments&post=6524"}],"version-history":[{"count":3,"href":"https:\/\/www.radiolimari.cl\/index.php?rest_route=\/wp\/v2\/posts\/6524\/revisions"}],"predecessor-version":[{"id":6528,"href":"https:\/\/www.radiolimari.cl\/index.php?rest_route=\/wp\/v2\/posts\/6524\/revisions\/6528"}],"wp:featuredmedia":[{"embeddable":true,"href":"https:\/\/www.radiolimari.cl\/index.php?rest_route=\/wp\/v2\/media\/6525"}],"wp:attachment":[{"href":"https:\/\/www.radiolimari.cl\/index.php?rest_route=%2Fwp%2Fv2%2Fmedia&parent=6524"}],"wp:term":[{"taxonomy":"category","embeddable":true,"href":"https:\/\/www.radiolimari.cl\/index.php?rest_route=%2Fwp%2Fv2%2Fcategories&post=6524"},{"taxonomy":"post_tag","embeddable":true,"href":"https:\/\/www.radiolimari.cl\/index.php?rest_route=%2Fwp%2Fv2%2Ftags&post=6524"}],"curies":[{"name":"wp","href":"https:\/\/api.w.org\/{rel}","templated":true}]}}