{"id":6511,"date":"2021-12-29T19:29:49","date_gmt":"2021-12-29T19:29:49","guid":{"rendered":"http:\/\/www.radiolimari.cl\/?p=6511"},"modified":"2021-12-29T19:30:29","modified_gmt":"2021-12-29T19:30:29","slug":"combarbala-destinara-recursos-de-fuegos-artificiales-de-fin-de-ano-para-adquirir-agua-para-el-sector-rural","status":"publish","type":"post","link":"https:\/\/www.radiolimari.cl\/?p=6511","title":{"rendered":"Municipio de Combarbal\u00e1 destinar\u00e1 recursos de fuegos artificiales de fin de a\u00f1o, para adquirir agua para el sector rural."},"content":{"rendered":"<p><a href=\"https:\/\/www.radiolimari.cl\/wp-content\/uploads\/2021\/12\/29.12-Fuegos-artificiales-1-850x400.jpg\"><img decoding=\"async\" class=\"alignnone size-medium wp-image-6512\" src=\"https:\/\/www.radiolimari.cl\/wp-content\/uploads\/2021\/12\/29.12-Fuegos-artificiales-1-850x400-300x141.jpg\" alt=\"29.12 Fuegos-artificiales-1-850x400\" width=\"300\" height=\"141\" srcset=\"https:\/\/www.radiolimari.cl\/wp-content\/uploads\/2021\/12\/29.12-Fuegos-artificiales-1-850x400-300x141.jpg 300w, https:\/\/www.radiolimari.cl\/wp-content\/uploads\/2021\/12\/29.12-Fuegos-artificiales-1-850x400.jpg 850w\" sizes=\"(max-width: 300px) 100vw, 300px\" \/><\/a><\/p>\n<p>El Alcalde de Combarbal\u00e1 Pedro Castillo D\u00edaz, plante\u00f3 la decisi\u00f3n de suspender los tradicionales fuegos artificiales\u00a0 que se lanzaban para el a\u00f1o nuevo, redestinando dichos recursos\u00a0 para adquirir agua para nuestro sector rural.<!--more--><\/p>\n<p>Como una manera de hacer un uso m\u00e1s eficiente de los recursos, y adem\u00e1s de combatir la problem\u00e1tica generada por la sequ\u00eda que nos afecta hace varios a\u00f1os como comuna , es que a principios de Diciembre el Alcalde de Combarbal\u00e1 Pedro Castillo D\u00edaz, plante\u00f3 la decisi\u00f3n de suspender los tradicionales fuegos artificiales\u00a0 que se lanzaban para el a\u00f1o nuevo, redestinando dichos recursos\u00a0 para adquirir agua para nuestro sector rural, decisi\u00f3n que fue apoyada de manera un\u00e1nime por los integrantes del concejo municipal.<\/p>\n<p>Al respecto la primera autoridad comunal se\u00f1al\u00f3: \u201dDebido a la pandemia de Covid19 y particularmente a la sequ\u00eda que afecta a nuestra comuna de Combarbal\u00e1 desde hace ya m\u00e1s de 15 a\u00f1os, por consecuencia del cambio clim\u00e1tico, las prioridades de inversi\u00f3n de la municipalidad y la focalizaci\u00f3n de los recursos ha experimentado una transformaci\u00f3n, que se ha ido sosteniendo durante el tiempo, y es as\u00ed que para este a\u00f1o 2021 que recibe al pr\u00f3ximo 2022, hemos determinado no lanzar fuegos artificiales, en primer t\u00e9rmino, considerando los requerimientos socio ambientales, que se han puesto sobre la mesa, pero tambi\u00e9n, para poder redistribuir esos recursos, y destinarlos espec\u00edficamente para la distribuci\u00f3n de agua de consumo animal, ya que esta escasez h\u00eddrica est\u00e1 afectando severamente los ganados caprinos de nuestra comuna d\u00f3nde hay una alt\u00edsima cantidad de mortandad y una afectaci\u00f3n a una actividad econ\u00f3mica fundamental para Combarbal\u00e1.\u00bb<\/p>\n<p>El alcalde de Combarbala tambien dijo&#8230;\u00bbJunto con \u00e9sto, gracias\u00a0 a los recursos que vamos a poder redestinar, podremos sostener la distribuci\u00f3n para consumo humano, con un cami\u00f3n adicional a los que ya tiene distribuido la ONEMI en la comuna para apoyar a aquellos sistemas de APR que durante la temporada estival del 2022, puedan verse afectados con la disminuci\u00f3n de los caudales de sus pozos y as\u00ed continuar con un servicio permanente para todos los vecinos de la ruralidad de nuestra comuna de Combarbal\u00e1\u201d.<\/p>\n<p>&nbsp;<\/p>\n","protected":false},"excerpt":{"rendered":"<p>El Alcalde de Combarbal\u00e1 Pedro Castillo D\u00edaz, plante\u00f3 la decisi\u00f3n de suspender los tradicionales fuegos artificiales\u00a0 que se lanzaban para el a\u00f1o nuevo, redestinando dichos recursos\u00a0 para adquirir agua para nuestro sector rural.<\/p>\n","protected":false},"author":2,"featured_media":6512,"comment_status":"open","ping_status":"open","sticky":false,"template":"","format":"standard","meta":{"footnotes":""},"categories":[5],"tags":[],"class_list":["post-6511","post","type-post","status-publish","format-standard","has-post-thumbnail","hentry","category-actualidad-limarina"],"_links":{"self":[{"href":"https:\/\/www.radiolimari.cl\/index.php?rest_route=\/wp\/v2\/posts\/6511","targetHints":{"allow":["GET"]}}],"collection":[{"href":"https:\/\/www.radiolimari.cl\/index.php?rest_route=\/wp\/v2\/posts"}],"about":[{"href":"https:\/\/www.radiolimari.cl\/index.php?rest_route=\/wp\/v2\/types\/post"}],"author":[{"embeddable":true,"href":"https:\/\/www.radiolimari.cl\/index.php?rest_route=\/wp\/v2\/users\/2"}],"replies":[{"embeddable":true,"href":"https:\/\/www.radiolimari.cl\/index.php?rest_route=%2Fwp%2Fv2%2Fcomments&post=6511"}],"version-history":[{"count":2,"href":"https:\/\/www.radiolimari.cl\/index.php?rest_route=\/wp\/v2\/posts\/6511\/revisions"}],"predecessor-version":[{"id":6514,"href":"https:\/\/www.radiolimari.cl\/index.php?rest_route=\/wp\/v2\/posts\/6511\/revisions\/6514"}],"wp:featuredmedia":[{"embeddable":true,"href":"https:\/\/www.radiolimari.cl\/index.php?rest_route=\/wp\/v2\/media\/6512"}],"wp:attachment":[{"href":"https:\/\/www.radiolimari.cl\/index.php?rest_route=%2Fwp%2Fv2%2Fmedia&parent=6511"}],"wp:term":[{"taxonomy":"category","embeddable":true,"href":"https:\/\/www.radiolimari.cl\/index.php?rest_route=%2Fwp%2Fv2%2Fcategories&post=6511"},{"taxonomy":"post_tag","embeddable":true,"href":"https:\/\/www.radiolimari.cl\/index.php?rest_route=%2Fwp%2Fv2%2Ftags&post=6511"}],"curies":[{"name":"wp","href":"https:\/\/api.w.org\/{rel}","templated":true}]}}