{"id":6508,"date":"2021-12-29T19:13:35","date_gmt":"2021-12-29T19:13:35","guid":{"rendered":"http:\/\/www.radiolimari.cl\/?p=6508"},"modified":"2021-12-29T19:13:35","modified_gmt":"2021-12-29T19:13:35","slug":"fuegos-artificiales-autoridades-remarcan-los-riesgos-y-sanciones-ante-la-adquisicion-y-uso","status":"publish","type":"post","link":"https:\/\/www.radiolimari.cl\/?p=6508","title":{"rendered":"Fuegos artificiales: Autoridades remarcan los riesgos y sanciones ante la adquisici\u00f3n y uso"},"content":{"rendered":"<p><a href=\"https:\/\/www.radiolimari.cl\/wp-content\/uploads\/2021\/12\/29.12-fin-de-a\u00f1o.jpeg\"><img fetchpriority=\"high\" decoding=\"async\" class=\"alignnone size-medium wp-image-6509\" src=\"https:\/\/www.radiolimari.cl\/wp-content\/uploads\/2021\/12\/29.12-fin-de-a\u00f1o-300x200.jpeg\" alt=\"29.12 fin de a\u00f1o\" width=\"300\" height=\"200\" srcset=\"https:\/\/www.radiolimari.cl\/wp-content\/uploads\/2021\/12\/29.12-fin-de-a\u00f1o-300x200.jpeg 300w, https:\/\/www.radiolimari.cl\/wp-content\/uploads\/2021\/12\/29.12-fin-de-a\u00f1o-1024x682.jpeg 1024w, https:\/\/www.radiolimari.cl\/wp-content\/uploads\/2021\/12\/29.12-fin-de-a\u00f1o.jpeg 1599w\" sizes=\"(max-width: 300px) 100vw, 300px\" \/><\/a><\/p>\n<p><strong><em>A trav\u00e9s de la campa\u00f1a \u201cNo M\u00e1s Fuegos Artificiales\u201d, se hace un llamado a las familias a no manipular estos implementos, debido a los da\u00f1os que ocasionan, sobre todo, en los menores de edad.<\/em><\/strong><!--more--><\/p>\n<p>De acuerdo a cifras de la Corporaci\u00f3n de Ayuda al Ni\u00f1o Quemado COANIQUEM, a la fecha se reportan 1745 ingresos por quemaduras en sus centros de los cuales 13 est\u00e1n asociadas a quemaduras por fuegos artificiales.<\/p>\n<p>Es por ello que para evitar mayores casos de da\u00f1os por estos elementos, el Gobierno, junto a Carabineros y COANIQUEM hicieron un llamado y remarcaron los riesgos y las sanciones a las que se exponen las personas que vendan y\/o manipulen estos elementos.<\/p>\n<p>El Delegado Presidencial Ignacio Pinto sostuvo que <strong>\u201choy ninguna comuna de la regi\u00f3n tendr\u00e1 espect\u00e1culos pirot\u00e9cnicos y eso es una se\u00f1al tambi\u00e9n de austeridad, de fijar muy bien sus prioridades. Las personas han manifestado que los fuegos son molestos para las mascotas, para las personas con espectro autista y hoy d\u00eda lo que nosotros estamos haciendo es un llamado a no comprar ni detonar estos implementos. Afortunadamente, no hemos tenido situaciones de personas lesionadas\u201d.<\/strong><strong>\u00a0<\/strong><\/p>\n<p>La autoridad regional record\u00f3 que el Presidente Pi\u00f1era promulg\u00f3 a principios de este a\u00f1o la Ley que sanciona como delito el uso, venta y fabricaci\u00f3n de fuegos artificiales, la que establece penas de presidio que van desde los de 3, 5 y hasta 10 a\u00f1os de c\u00e1rcel, y multas desde 5 a 20 UTM.<strong>\u00a0<\/strong><\/p>\n<p><strong>\u201cQueremos que estas fiestas de fin de a\u00f1o nos entreguen buen recuerdo, grato para todas las familias donde no tengamos desgracias que lamentar a causa de la pirotecnia y de los fuegos artificiales mal utilizados\u201d<\/strong>, enfatiz\u00f3 el Delegado Presidencial.<strong>\u00a0<\/strong><\/p>\n<p>Actualmente, la zona tiene autorizado 4 eventos masivos de celebraciones de fin de a\u00f1o, ninguna de ellas con uso de pirotecnia, sin embargo, las autoridades insisten en evitar cualquier tipo de uso de los fuegos artificiales, ya que el impacto a nivel f\u00edsico es considerable.<\/p>\n<p>Al respecto, Pamela Andrade, Directora Regional de COANIQUEM, indic\u00f3 que <strong>\u201cdebemos cuidar a nuestros ni\u00f1os. La rehabilitaci\u00f3n por quemaduras es larga, es dolorosa, es costosa tambi\u00e9n, entonces es importante que nosotros podamos seguir haciendo prevenci\u00f3n, no queremos que m\u00e1s ni\u00f1os se quemen por esta causalidad, no queremos al mismo tiempo que exista contaminaci\u00f3n medio ambiental, que se vean afectados los animales, o que se vean afectados los ni\u00f1os con espectro autista\u201d<\/strong>.<\/p>\n<p>Desde Carabineros se est\u00e1 reforzando el despliegue para detectar ventas ilegales de fuegos artificiales e indicaron que para ser m\u00e1s efectivos es primordial la denuncia.<\/p>\n<p><strong>\u201cLa gente debe entender que desde hace casi un a\u00f1o el que compra, vende, fabrica, tiene o lanza fuegos artificiales est\u00e1 cometiendo un delito. El llamado nuestro es a denunciar a aquellas personas, que nos indiquen los lugares donde se est\u00e1 vendiendo o se est\u00e1 comercializando o lanzando estos fuegos artificiales. Nosotros necesitamos que sea un trabajo colaborativo\u201d<\/strong>, explic\u00f3 la Jefa de la IV Zona de Carabineros, General Marcela Gonz\u00e1lez.<\/p>\n","protected":false},"excerpt":{"rendered":"<p>A trav\u00e9s de la campa\u00f1a \u201cNo M\u00e1s Fuegos Artificiales\u201d, se hace un llamado a las familias a no manipular estos implementos, debido a los da\u00f1os que ocasionan, sobre todo, en los menores de edad.<\/p>\n","protected":false},"author":2,"featured_media":6509,"comment_status":"open","ping_status":"open","sticky":false,"template":"","format":"standard","meta":{"footnotes":""},"categories":[6],"tags":[],"class_list":["post-6508","post","type-post","status-publish","format-standard","has-post-thumbnail","hentry","category-regionales"],"_links":{"self":[{"href":"https:\/\/www.radiolimari.cl\/index.php?rest_route=\/wp\/v2\/posts\/6508","targetHints":{"allow":["GET"]}}],"collection":[{"href":"https:\/\/www.radiolimari.cl\/index.php?rest_route=\/wp\/v2\/posts"}],"about":[{"href":"https:\/\/www.radiolimari.cl\/index.php?rest_route=\/wp\/v2\/types\/post"}],"author":[{"embeddable":true,"href":"https:\/\/www.radiolimari.cl\/index.php?rest_route=\/wp\/v2\/users\/2"}],"replies":[{"embeddable":true,"href":"https:\/\/www.radiolimari.cl\/index.php?rest_route=%2Fwp%2Fv2%2Fcomments&post=6508"}],"version-history":[{"count":1,"href":"https:\/\/www.radiolimari.cl\/index.php?rest_route=\/wp\/v2\/posts\/6508\/revisions"}],"predecessor-version":[{"id":6510,"href":"https:\/\/www.radiolimari.cl\/index.php?rest_route=\/wp\/v2\/posts\/6508\/revisions\/6510"}],"wp:featuredmedia":[{"embeddable":true,"href":"https:\/\/www.radiolimari.cl\/index.php?rest_route=\/wp\/v2\/media\/6509"}],"wp:attachment":[{"href":"https:\/\/www.radiolimari.cl\/index.php?rest_route=%2Fwp%2Fv2%2Fmedia&parent=6508"}],"wp:term":[{"taxonomy":"category","embeddable":true,"href":"https:\/\/www.radiolimari.cl\/index.php?rest_route=%2Fwp%2Fv2%2Fcategories&post=6508"},{"taxonomy":"post_tag","embeddable":true,"href":"https:\/\/www.radiolimari.cl\/index.php?rest_route=%2Fwp%2Fv2%2Ftags&post=6508"}],"curies":[{"name":"wp","href":"https:\/\/api.w.org\/{rel}","templated":true}]}}