{"id":6464,"date":"2021-12-27T12:20:49","date_gmt":"2021-12-27T12:20:49","guid":{"rendered":"http:\/\/www.radiolimari.cl\/?p=6464"},"modified":"2021-12-27T12:21:13","modified_gmt":"2021-12-27T12:21:13","slug":"conmemoron-el-120-aniversario-de-la-coronacion-de-nuestra-senora-del-rosario-de-andacollo","status":"publish","type":"post","link":"https:\/\/www.radiolimari.cl\/?p=6464","title":{"rendered":"Conmemoraron el 120\u00b0 aniversario de la Coronaci\u00f3n de Nuestra Se\u00f1ora del Rosario de Andacollo"},"content":{"rendered":"<p><a href=\"https:\/\/www.radiolimari.cl\/wp-content\/uploads\/2021\/12\/27.12-andacollo.jpg\"><img fetchpriority=\"high\" decoding=\"async\" class=\"alignnone size-medium wp-image-6465\" src=\"https:\/\/www.radiolimari.cl\/wp-content\/uploads\/2021\/12\/27.12-andacollo-300x200.jpg\" alt=\"27.12 andacollo\" width=\"300\" height=\"200\" srcset=\"https:\/\/www.radiolimari.cl\/wp-content\/uploads\/2021\/12\/27.12-andacollo-300x200.jpg 300w, https:\/\/www.radiolimari.cl\/wp-content\/uploads\/2021\/12\/27.12-andacollo-1024x682.jpg 1024w\" sizes=\"(max-width: 300px) 100vw, 300px\" \/><\/a><\/p>\n<p>l\u00a0 <strong>Con motivo de participar en la denominada Jornada de Oraci\u00f3n, fieles y peregrinos llegaron hasta el principal Santuario de la Arquidi\u00f3cesis de La Serena. <\/strong><!--more--><\/p>\n<p>El Santo Rosario, mascarilla, alcohol gel, protector solar, agua y mucha fe, cargaron en sus mochilas al alba de este domingo 26 de diciembre, los peregrinos de la Virgen del Rosario de Andacollo, con la motivaci\u00f3n de acudir al Santuario de la <em>Chinita<\/em> y <strong>participar de la Jornada de Oraci\u00f3n<\/strong> que se program\u00f3 ante la suspensi\u00f3n de la tradicional Fiesta Grande.<\/p>\n<p>Luego de dos horas de presentaci\u00f3n de los Bailes Religiosos que se dieron cita en la ocasi\u00f3n, <strong>tuvo lugar en el frontis del templo parroquial la Eucarist\u00eda Solemne<\/strong> que presidi\u00f3 el Arzobispo Ren\u00e9 Rebolledo Salinas.<\/p>\n<p><strong>Re-coronaci\u00f3n de la <em>Chinita<\/em><\/strong><\/p>\n<p>Durante la jornada, <strong>se conmemor\u00f3 el 120\u00b0 aniversario de la Coronaci\u00f3n can\u00f3nica de Nuestra Se\u00f1ora del Rosario de Andacollo<\/strong>, raz\u00f3n por la cual se quiso revivir el acontecimiento. Fue as\u00ed que la familia Galleguillos Monroy, provenientes de Paihuano, hizo ingreso portando las dos coronas originales que se utilizaron en 1901, por autoridad del papa Le\u00f3n XIII y del Obispo de aquel entonces, Mons. Florencio Fontecilla.<\/p>\n<p>\u201cNos sentimos orgullosos y felices. <strong>Le pedimos a la <em>Chinita<\/em> que nos mantenga con harta salud y poder seguir adelante<\/strong>, especialmente a quienes se encuentran con alguna enfermedad\u201d, manifest\u00f3 la familia luego de llevar las coronas hasta el altar.<\/p>\n<p>Fue el P. Adam Bartyzol, Rector del Santuario andacollino, quien puso sobre la cabeza de la imagen del Ni\u00f1o Jes\u00fas la peque\u00f1a corona, indicando que \u201cesper\u00e1bamos con mucha a\u00f1oranza este momento tan solemne. Estamos unidos en la oraci\u00f3n familiar, <strong>agradeciendo a nuestro Salvador por nuestra Madre<\/strong> y por este <em>Bel\u00e9n<\/em> que se convierte hoy Andacollo, donde Dios se encuentra con mucha pobreza de nosotros, tanto espiritual como material, pero por sobre todo esa gran necesidad que tenemos de recibir un abrazo de \u00c9l, su misericordia y perd\u00f3n\u201d.<\/p>\n<p>En tanto, el Arzobispo fue el encargado de coronar la imagen de la Virgen, lo que catalog\u00f3 como \u201cun acto muy emotivo, contempl\u00e1ndola como Reina y Madre. <strong>Hemos tenido presente que reinar es servir<\/strong>. Ella est\u00e1 en medio nuestro como su Hijo, sirviendo, ante todo a \u00c9l, luego a todos nosotros. As\u00ed lo ha manifestado en el misterio de la Anunciaci\u00f3n, tambi\u00e9n acompa\u00f1ando a su Hijo, desde su concepci\u00f3n y hasta la muerte en cruz. Nos est\u00e1 cerca tambi\u00e9n a nosotros, los disc\u00edpulos de su Hijo, siempre con\u00a0 sentimientos de madre y servidora, intercediendo por todos\u201d.<\/p>\n<p><strong>Hoy he vuelto Madre<\/strong><\/p>\n<p>Gran emoci\u00f3n se percibi\u00f3 desde muy temprano en la plaza de Andacollo, bajo un abrasante sol, que no fue impedimento para que integrantes de los <strong>Bailes Religiosos<\/strong> manifestaran su fe a Dios y a la Virgen con sus instrumentos y danzas. Y es que <strong>tras una larga ausencia, producto de la pandemia, retornaron hasta la <em>Monta\u00f1a Santa<\/em> para venerar a su Madre<\/strong>. \u201cEs una gran alegr\u00eda el volver a encontrarnos despu\u00e9s de tanto tiempo, especialmente por las dificultades que present\u00f3 la pandemia. Gracias a Dios y a la <em>Chinita<\/em> como agrupaciones de Piedad Popular no hemos sufrido la p\u00e9rdida de ning\u00fan integrante, pero nos unimos en el dolor de quienes si han vivido el fallecimiento de un ser querido. Vivimos esta jornada con la esperanza de que pr\u00f3ximamente podamos tener una fiesta en normalidad\u201d, expres\u00f3 el Cacique General, Jaime Guerrero.<\/p>\n<p>Presentes, tambi\u00e9n, los Anderos de la Virgen de Andacollo, quienes tuvieron la posibilidad de volver a cargar la sagrada imagen hasta el atrio del templo. Entre ellos, Juan Mar\u00edn, oriundo de Coquimbo y que por m\u00e1s de 40 a\u00f1os ha realizado este servicio. En la ocasi\u00f3n, <strong>port\u00f3 uno de los estandartes que don\u00f3 el Emperador de China hace 120 a\u00f1os en honor a la Virgen de Andacollo<\/strong>. \u201cEs una misi\u00f3n muy especial acompa\u00f1ar la imagen de la Virgen y recibir su bendici\u00f3n. Ha sido un momento muy emotivo poder retornar a este Santuario, por lo que me siento muy agradecido\u201d.<\/p>\n<p><strong>Mensaje del Pastor<\/strong><\/p>\n<p>Durante su homil\u00eda, Mons. Ren\u00e9 Rebolledo destac\u00f3 <strong>que la peregrinaci\u00f3n de hoy \u201ces una ocasi\u00f3n privilegiada para reanimarnos en la esperanza<\/strong>. Acogiendo su amor de Madre y manifest\u00e1ndole el nuestro -de hijos suyos- volvamos a nuestros hogares llevando la bendici\u00f3n de su Hijo, tambi\u00e9n la certeza de que Ella intercede por nosotros, especialmente en el desaf\u00edo de proseguir edificando nuestras familias sobre el fundamento del amor, defendi\u00e9ndolas tambi\u00e9n de antivalores a los cuales la cultura actual las expone y ciment\u00e1ndolas cada vez m\u00e1s en los valores trascendentes\u201d.<\/p>\n<p>&nbsp;<\/p>\n","protected":false},"excerpt":{"rendered":"<p>l\u00a0 Con motivo de participar en la denominada Jornada de Oraci\u00f3n, fieles y peregrinos llegaron hasta el principal Santuario de la Arquidi\u00f3cesis de La Serena.<\/p>\n","protected":false},"author":2,"featured_media":6465,"comment_status":"open","ping_status":"open","sticky":false,"template":"","format":"standard","meta":{"footnotes":""},"categories":[6],"tags":[],"class_list":["post-6464","post","type-post","status-publish","format-standard","has-post-thumbnail","hentry","category-regionales"],"_links":{"self":[{"href":"https:\/\/www.radiolimari.cl\/index.php?rest_route=\/wp\/v2\/posts\/6464","targetHints":{"allow":["GET"]}}],"collection":[{"href":"https:\/\/www.radiolimari.cl\/index.php?rest_route=\/wp\/v2\/posts"}],"about":[{"href":"https:\/\/www.radiolimari.cl\/index.php?rest_route=\/wp\/v2\/types\/post"}],"author":[{"embeddable":true,"href":"https:\/\/www.radiolimari.cl\/index.php?rest_route=\/wp\/v2\/users\/2"}],"replies":[{"embeddable":true,"href":"https:\/\/www.radiolimari.cl\/index.php?rest_route=%2Fwp%2Fv2%2Fcomments&post=6464"}],"version-history":[{"count":2,"href":"https:\/\/www.radiolimari.cl\/index.php?rest_route=\/wp\/v2\/posts\/6464\/revisions"}],"predecessor-version":[{"id":6467,"href":"https:\/\/www.radiolimari.cl\/index.php?rest_route=\/wp\/v2\/posts\/6464\/revisions\/6467"}],"wp:featuredmedia":[{"embeddable":true,"href":"https:\/\/www.radiolimari.cl\/index.php?rest_route=\/wp\/v2\/media\/6465"}],"wp:attachment":[{"href":"https:\/\/www.radiolimari.cl\/index.php?rest_route=%2Fwp%2Fv2%2Fmedia&parent=6464"}],"wp:term":[{"taxonomy":"category","embeddable":true,"href":"https:\/\/www.radiolimari.cl\/index.php?rest_route=%2Fwp%2Fv2%2Fcategories&post=6464"},{"taxonomy":"post_tag","embeddable":true,"href":"https:\/\/www.radiolimari.cl\/index.php?rest_route=%2Fwp%2Fv2%2Ftags&post=6464"}],"curies":[{"name":"wp","href":"https:\/\/api.w.org\/{rel}","templated":true}]}}