{"id":6449,"date":"2021-12-17T19:02:09","date_gmt":"2021-12-17T19:02:09","guid":{"rendered":"http:\/\/www.radiolimari.cl\/?p=6449"},"modified":"2021-12-17T19:02:09","modified_gmt":"2021-12-17T19:02:09","slug":"se-realizo-el-cierre-oficial-del-albergue-habilitado-en-la-bombonera-municipal-de-ovalle","status":"publish","type":"post","link":"https:\/\/www.radiolimari.cl\/?p=6449","title":{"rendered":"Se realiz\u00f3 el cierre oficial del Albergue habilitado en la Bombonera Municipal de Ovalle"},"content":{"rendered":"<p><a href=\"https:\/\/www.radiolimari.cl\/wp-content\/uploads\/2021\/12\/17.12-Albergue.jpg\"><img fetchpriority=\"high\" decoding=\"async\" class=\"alignnone size-medium wp-image-6450\" src=\"https:\/\/www.radiolimari.cl\/wp-content\/uploads\/2021\/12\/17.12-Albergue-300x200.jpg\" alt=\"17.12 Albergue\" width=\"300\" height=\"200\" srcset=\"https:\/\/www.radiolimari.cl\/wp-content\/uploads\/2021\/12\/17.12-Albergue-300x200.jpg 300w, https:\/\/www.radiolimari.cl\/wp-content\/uploads\/2021\/12\/17.12-Albergue-1024x682.jpg 1024w, https:\/\/www.radiolimari.cl\/wp-content\/uploads\/2021\/12\/17.12-Albergue.jpg 1620w\" sizes=\"(max-width: 300px) 100vw, 300px\" \/><\/a><\/p>\n<p><strong><em>El recinto deportivo funcion\u00f3 en un comienzo como refugio para personas en situaci\u00f3n de calle, para protegerlos de las bajas temperaturas nocturnas y tambi\u00e9n de la pandemia y posteriormente, se habilit\u00f3 como albergue. Esta iniciativa se logr\u00f3 gracias a un convenio entre el municipio de Ovalle y el ministerio de Desarrollo Social. <\/em><\/strong><!--more--><\/p>\n<p>Fue una iniciativa muy valorada por la comunidad. La habilitaci\u00f3n de un refugio para personas en situaci\u00f3n de calle en Ovalle, en medio del invierno y de las cifras m\u00e1s complicadas de la pandemia, fue una oportunidad de bienestar para quienes viv\u00edan en la v\u00eda p\u00fablica arriesg\u00e1ndose a enfermedades, entre otros problemas.<\/p>\n<p>Para estos efectos, se habilit\u00f3 la Bombonera Municipal, desde el pasado 22 de julio, con carpas t\u00e9rmicas, camas y abrigo, a lo que se sum\u00f3 la alimentaci\u00f3n (Desayuno y cena) para los ocupantes de estas dependencias. Esta iniciativa se logr\u00f3, gracias a un convenio entre el municipio de Ovalle y el ministerio de Desarrollo Social. Posteriormente, desde el pasado 5 de octubre comenz\u00f3 el funcionamiento del \u201cAlbergue Municipal\u201d, con recursos de las entidades antes mencionadas, que permiti\u00f3 darles alojamiento, alimentaci\u00f3n (Desayuno, almuerzo y cena) y estad\u00eda a personas con una situaci\u00f3n de alta vulnerabilidad social.<\/p>\n<p>Debido a que la mayor\u00eda de los beneficiarios se han retirado, han aumentado las temperaturas y los \u00edndices de casos de Covid-19, el municipio de Ovalle realiz\u00f3 el cierre oficial de estas dependencias. \u201cEstamos muy contentos de que muchas personas hayan estado en este refugio y se hayan protegido. Agradezco de coraz\u00f3n a los funcionarios municipales y quienes hicieron posible el buen funcionamiento de este lugar, el cual esperamos habilitar en el invierno de 2022\u201d indic\u00f3 el alcalde de Ovalle, Claudio Renter\u00eda.<\/p>\n<p>Al respecto, el seremi de Desarrollo Social, Marcelo Telias destac\u00f3 que se ha realizado \u201cun trabajo en conjunto con la Municipalidad de Ovalle para otorgar refugio y atenci\u00f3n a personas en situaci\u00f3n de calle. Parte importante de nuestra labor es apoyar a quienes est\u00e1n en situaci\u00f3n de vulnerabilidad y en este caso apoyar a las personas en esta condici\u00f3n, otorg\u00e1ndoles los cuidados que requieren. Un espacio que brind\u00f3 tambi\u00e9n la oportunidad de adquirir\u00a0competencias para superar esta condici\u00f3n de calle\u201d.<\/p>\n<p>Estas dependencias cerrar\u00e1n sus puertas el pr\u00f3ximo 3 de enero de 2022, pero los usuarios podr\u00e1n estar hasta el pr\u00f3ximo 22 de diciembre, ya que, posteriormente, se desarmar\u00e1n las estructuras y se llevar\u00e1 a cabo un proceso de sanitizaci\u00f3n.<strong>\u00a0<\/strong><\/p>\n","protected":false},"excerpt":{"rendered":"<p>El recinto deportivo funcion\u00f3 en un comienzo como refugio para personas en situaci\u00f3n de calle, para protegerlos de las bajas temperaturas nocturnas y tambi\u00e9n de la pandemia y posteriormente, se habilit\u00f3 como albergue. Esta iniciativa se logr\u00f3 gracias a un convenio entre el municipio de Ovalle y el ministerio de Desarrollo Social.<\/p>\n","protected":false},"author":2,"featured_media":6450,"comment_status":"open","ping_status":"open","sticky":false,"template":"","format":"standard","meta":{"footnotes":""},"categories":[5],"tags":[],"class_list":["post-6449","post","type-post","status-publish","format-standard","has-post-thumbnail","hentry","category-actualidad-limarina"],"_links":{"self":[{"href":"https:\/\/www.radiolimari.cl\/index.php?rest_route=\/wp\/v2\/posts\/6449","targetHints":{"allow":["GET"]}}],"collection":[{"href":"https:\/\/www.radiolimari.cl\/index.php?rest_route=\/wp\/v2\/posts"}],"about":[{"href":"https:\/\/www.radiolimari.cl\/index.php?rest_route=\/wp\/v2\/types\/post"}],"author":[{"embeddable":true,"href":"https:\/\/www.radiolimari.cl\/index.php?rest_route=\/wp\/v2\/users\/2"}],"replies":[{"embeddable":true,"href":"https:\/\/www.radiolimari.cl\/index.php?rest_route=%2Fwp%2Fv2%2Fcomments&post=6449"}],"version-history":[{"count":1,"href":"https:\/\/www.radiolimari.cl\/index.php?rest_route=\/wp\/v2\/posts\/6449\/revisions"}],"predecessor-version":[{"id":6451,"href":"https:\/\/www.radiolimari.cl\/index.php?rest_route=\/wp\/v2\/posts\/6449\/revisions\/6451"}],"wp:featuredmedia":[{"embeddable":true,"href":"https:\/\/www.radiolimari.cl\/index.php?rest_route=\/wp\/v2\/media\/6450"}],"wp:attachment":[{"href":"https:\/\/www.radiolimari.cl\/index.php?rest_route=%2Fwp%2Fv2%2Fmedia&parent=6449"}],"wp:term":[{"taxonomy":"category","embeddable":true,"href":"https:\/\/www.radiolimari.cl\/index.php?rest_route=%2Fwp%2Fv2%2Fcategories&post=6449"},{"taxonomy":"post_tag","embeddable":true,"href":"https:\/\/www.radiolimari.cl\/index.php?rest_route=%2Fwp%2Fv2%2Ftags&post=6449"}],"curies":[{"name":"wp","href":"https:\/\/api.w.org\/{rel}","templated":true}]}}