{"id":6440,"date":"2021-12-16T18:42:07","date_gmt":"2021-12-16T18:42:07","guid":{"rendered":"http:\/\/www.radiolimari.cl\/?p=6440"},"modified":"2021-12-16T18:42:07","modified_gmt":"2021-12-16T18:42:07","slug":"municipio-de-monte-patria-busca-crear-ordenanza-mas-estricta-que-regule-la-instalacion-de-antenas-en-la-comuna","status":"publish","type":"post","link":"https:\/\/www.radiolimari.cl\/?p=6440","title":{"rendered":"Municipio de Monte Patria busca crear ordenanza m\u00e1s estricta que regule la instalaci\u00f3n de antenas en la comuna"},"content":{"rendered":"<p><a href=\"https:\/\/www.radiolimari.cl\/wp-content\/uploads\/2021\/12\/16.12-m-patria-antenas.jpg\"><img fetchpriority=\"high\" decoding=\"async\" class=\"alignnone size-medium wp-image-6441\" src=\"https:\/\/www.radiolimari.cl\/wp-content\/uploads\/2021\/12\/16.12-m-patria-antenas-300x225.jpg\" alt=\"16.12 m patria antenas\" width=\"300\" height=\"225\" srcset=\"https:\/\/www.radiolimari.cl\/wp-content\/uploads\/2021\/12\/16.12-m-patria-antenas-300x225.jpg 300w, https:\/\/www.radiolimari.cl\/wp-content\/uploads\/2021\/12\/16.12-m-patria-antenas-1024x768.jpg 1024w, https:\/\/www.radiolimari.cl\/wp-content\/uploads\/2021\/12\/16.12-m-patria-antenas.jpg 1280w\" sizes=\"(max-width: 300px) 100vw, 300px\" \/><\/a><\/p>\n<p><strong>La iniciativa expuesta por el alcalde Cristian Herrera busca evitar m\u00e1s incidentes como los acontecidos \u00faltimamente en El Palqui y Vista Hermosa<\/strong><!--more--><\/p>\n<p>La tecnolog\u00eda y sus adelantos sin duda facilitan la vida, sobretodo en el \u00e1rea de las telecomunicaciones del siglo XXI. Sin embargo, para poder acceder a dichos beneficios cada vez son m\u00e1s las antenas que las empresas de telefon\u00eda e internet han instalado, una situaci\u00f3n que tiene molestos a los vecinos de Monte Patria y preocupado al Municipio.<\/p>\n<p>Es que en las \u00faltimas semanas se han suscitado dos incidentes en torno a esta tem\u00e1tica; uno de ellos en Vista Hermosa, donde no se les notific\u00f3 previamente a los vecinos de la instalaci\u00f3n de la antena, y en El Palqui, donde adem\u00e1s se realiz\u00f3 la rotura de una vereda sin informar a Direcci\u00f3n de Obras Municipales la realizaci\u00f3n de esta intervenci\u00f3n.<\/p>\n<p>Al respecto el presidente de la Junta de Vecinos Palqui Alto, Carlos Jofr\u00e9 Montero, se\u00f1al\u00f3 que \u201cnosotros no ten\u00edamos conocimiento de esta instalaci\u00f3n, me llegaron los reclamos de los vecinos\u2026 No queremos que se instale la antena por la radiaci\u00f3n que se produce. Ac\u00e1 en este sector es pura gente adulta y frente a la antena que instalaron hay personas enfermas\u201d.<\/p>\n<p>Si bien, desde el Municipio, se est\u00e1n tomando las acciones correspondientes frente a estas situaciones; en el caso de Vista Hermosa ha generado un reclamo a trav\u00e9s de la Subtel, mientras que en el Palqui funcionarios de Direcci\u00f3n de Obras han ido a fiscalizar dicho trabajo que se llev\u00f3 a cabo sin permiso para de esta forma poder posteriormente elevar los antecedentes al juzgado respectivo, el alcalde, Cristian Herrera, se\u00f1al\u00f3 que en la normativa vigente existen ciertos vac\u00edos por lo cual solicit\u00f3 al Concejo Municipal crear una ordenanza,\u00a0 ya que\u00a0 \u201cm\u00e1s all\u00e1 de lo que hoy d\u00eda podemos hacer en t\u00e9rminos legales, lo que buscamos es poder crear una ordenanza mucho m\u00e1s estricta, donde se establezca que no solo haya que informarle a municipalidad sino tambi\u00e9n realizar procesos participativos con la comunidad, para que los vecinos no vean como estas antenas se instalan sin siquiera tener informaci\u00f3n al respecto y eso es lo que empezamos a trabajar con nuestro departamento jur\u00eddico, lo vamos a seguir y a presentar los pr\u00f3ximos d\u00edas a la comisi\u00f3n normativa del concejo municipal para poder aprobarlo en el mediano plazo y poder evitar lo que se nos viene\u201d.<\/p>\n<p>Aunque el edil reconoci\u00f3 que es importante tener estas antenas a fin de continuar avanzando tecnol\u00f3gicamente en el \u00e1rea de las comunicaciones, se\u00f1al\u00f3 que lo m\u00e1s importantes son los vecinos, a fin de que la comunidad cuente con toda la informaci\u00f3n necesaria al momento de realizar este tipo de instalaciones en la comuna.<\/p>\n<p>&nbsp;<\/p>\n<p>&nbsp;<\/p>\n<p>&nbsp;<\/p>\n","protected":false},"excerpt":{"rendered":"<p>La iniciativa expuesta por el alcalde Cristian Herrera busca evitar m\u00e1s incidentes como los acontecidos \u00faltimamente en El Palqui y Vista Hermosa<\/p>\n","protected":false},"author":2,"featured_media":6441,"comment_status":"open","ping_status":"open","sticky":false,"template":"","format":"standard","meta":{"footnotes":""},"categories":[5],"tags":[],"class_list":["post-6440","post","type-post","status-publish","format-standard","has-post-thumbnail","hentry","category-actualidad-limarina"],"_links":{"self":[{"href":"https:\/\/www.radiolimari.cl\/index.php?rest_route=\/wp\/v2\/posts\/6440","targetHints":{"allow":["GET"]}}],"collection":[{"href":"https:\/\/www.radiolimari.cl\/index.php?rest_route=\/wp\/v2\/posts"}],"about":[{"href":"https:\/\/www.radiolimari.cl\/index.php?rest_route=\/wp\/v2\/types\/post"}],"author":[{"embeddable":true,"href":"https:\/\/www.radiolimari.cl\/index.php?rest_route=\/wp\/v2\/users\/2"}],"replies":[{"embeddable":true,"href":"https:\/\/www.radiolimari.cl\/index.php?rest_route=%2Fwp%2Fv2%2Fcomments&post=6440"}],"version-history":[{"count":1,"href":"https:\/\/www.radiolimari.cl\/index.php?rest_route=\/wp\/v2\/posts\/6440\/revisions"}],"predecessor-version":[{"id":6442,"href":"https:\/\/www.radiolimari.cl\/index.php?rest_route=\/wp\/v2\/posts\/6440\/revisions\/6442"}],"wp:featuredmedia":[{"embeddable":true,"href":"https:\/\/www.radiolimari.cl\/index.php?rest_route=\/wp\/v2\/media\/6441"}],"wp:attachment":[{"href":"https:\/\/www.radiolimari.cl\/index.php?rest_route=%2Fwp%2Fv2%2Fmedia&parent=6440"}],"wp:term":[{"taxonomy":"category","embeddable":true,"href":"https:\/\/www.radiolimari.cl\/index.php?rest_route=%2Fwp%2Fv2%2Fcategories&post=6440"},{"taxonomy":"post_tag","embeddable":true,"href":"https:\/\/www.radiolimari.cl\/index.php?rest_route=%2Fwp%2Fv2%2Ftags&post=6440"}],"curies":[{"name":"wp","href":"https:\/\/api.w.org\/{rel}","templated":true}]}}