{"id":6407,"date":"2021-12-13T14:41:14","date_gmt":"2021-12-13T14:41:14","guid":{"rendered":"http:\/\/www.radiolimari.cl\/?p=6407"},"modified":"2021-12-13T14:41:52","modified_gmt":"2021-12-13T14:41:52","slug":"el-grupo-de-operaciones-policiales-especiales-de-carabinetros-gope-comienza-busqueda-de-joven-montepatrino-desaparecido-el-pasado-jueves","status":"publish","type":"post","link":"https:\/\/www.radiolimari.cl\/?p=6407","title":{"rendered":"El Grupo de Operaciones Policiales Especiales de Carabineros (GOPE) comienza b\u00fasqueda de joven montepatrino desaparecido el pasado jueves"},"content":{"rendered":"<p><a href=\"https:\/\/www.radiolimari.cl\/wp-content\/uploads\/2021\/12\/13.12-gope-monte-patra.jpg\"><img fetchpriority=\"high\" decoding=\"async\" class=\"alignnone size-medium wp-image-6408\" src=\"https:\/\/www.radiolimari.cl\/wp-content\/uploads\/2021\/12\/13.12-gope-monte-patra-300x225.jpg\" alt=\"13.12 gope monte patra\" width=\"300\" height=\"225\" srcset=\"https:\/\/www.radiolimari.cl\/wp-content\/uploads\/2021\/12\/13.12-gope-monte-patra-300x225.jpg 300w, https:\/\/www.radiolimari.cl\/wp-content\/uploads\/2021\/12\/13.12-gope-monte-patra-1024x768.jpg 1024w, https:\/\/www.radiolimari.cl\/wp-content\/uploads\/2021\/12\/13.12-gope-monte-patra.jpg 1152w\" sizes=\"(max-width: 300px) 100vw, 300px\" \/><\/a><\/p>\n<p><strong><em>Durante el fin de semana Bomberos, Carabineros, autoridades municipales, amigos y familiares han recorrido la zona sin resultados favorables. Hoy lunes, servicios especializados se unen a la b\u00fasqueda <\/em><\/strong><!--more--><\/p>\n<p>La ma\u00f1ana del jueves fue la \u00faltima vez que la familia de Gary Ya\u00f1ez (21 a\u00f1os) tuvo noticias de su paradero, quien desde entonces se encuentra desaparecido.<\/p>\n<p>Durante el s\u00e1bado, luego de que Juana Ogalde, madre Gary Ya\u00f1ez, realizara la denuncia correspondiente por presunta desgracia en Carabineros, vecinos de El Tome Alto y familiares se unieron a fin de encontrar a l joven montepatrino. \u201cYo no he dormido nada, yo he dormido a saltos, anoche esperando, esperando noticias y no he recibido nada, puras noticias falsas. \u00c9l no es malo, no es atrevido\u201d indic\u00f3 Ogalde.<\/p>\n<p>En medio de su desesperaci\u00f3n de igual forma hizo un llamado a la comunidad para encontrar a su hijo: \u201cpor favor la persona que sepa, que diga donde est\u00e1\u201d e indic\u00f3 que el d\u00eda de su desaparici\u00f3n \u201c\u00e9l anda con una chaqueta militar larga hasta la rodilla, buzo negro, zapatillas rojas, jockey plomo, pelo casta\u00f1o oscuro, piel blanca, tiene un tatuaje de un lobo grande\u201d.<\/p>\n<p>El Suboficial Marco Cuevas Castillo, Jefe de Ret\u00e9n de El Palqui, se\u00f1al\u00f3 que \u201cse hizo el encargo a nivel nacional y se han estado haciendo las consultas y diligencias que corresponden, las 24 horas, en los establecimientos de salud, en las c\u00e1rceles, as\u00ed como tambi\u00e9n en los Servicios M\u00e9dicos Legales. Hasta el momento se ha efectuado un barrido por el sector donde supuestamente se perdi\u00f3 el rastro de la persona extraviada, y a\u00fan no hemos tenido ning\u00fan tipo de resultados favorables. Ain as\u00ed se est\u00e1 a la espera de organismos especializados\u201d.<\/p>\n<p>A estas labores se uni\u00f3 Bomberos, Carabineros y autoridades municipales. Al respecto el alcalde, Cristian Herrera, manifest\u00f3 que \u201cHemos sostenido conversaciones con el fiscal y las polic\u00edas para poder dar con pistas que nos permitan dar con el joven montepatrino perdido. La familia est\u00e1 sufriendo mucho por no conocer el paradero de Gary, se hace imprescindible tener informaci\u00f3n certera para continuar la b\u00fasqueda, se requiere rastrear su tel\u00e9fono urgentemente<strong>\u201d.<\/strong><\/p>\n<p>Cabe destacar que actualmente se est\u00e1n llevando a cabo averiguaciones a fin de conocer antecedentes o datos que puedan contribuir a dar con el paradero de Ya\u00f1ez, mientras que contin\u00faan las b\u00fasquedas, a las cuales, a partir de este lunes, tal como lo anunciaron las autoridades, se incorpora el Grupo de Operaciones Policiales Especiales (GOPE).<\/p>\n","protected":false},"excerpt":{"rendered":"<p>Durante el fin de semana Bomberos, Carabineros, autoridades municipales, amigos y familiares han recorrido la zona sin resultados favorables. Hoy lunes, servicios especializados se unen a la b\u00fasqueda<\/p>\n","protected":false},"author":2,"featured_media":6408,"comment_status":"open","ping_status":"open","sticky":false,"template":"","format":"standard","meta":{"footnotes":""},"categories":[5],"tags":[],"class_list":["post-6407","post","type-post","status-publish","format-standard","has-post-thumbnail","hentry","category-actualidad-limarina"],"_links":{"self":[{"href":"https:\/\/www.radiolimari.cl\/index.php?rest_route=\/wp\/v2\/posts\/6407","targetHints":{"allow":["GET"]}}],"collection":[{"href":"https:\/\/www.radiolimari.cl\/index.php?rest_route=\/wp\/v2\/posts"}],"about":[{"href":"https:\/\/www.radiolimari.cl\/index.php?rest_route=\/wp\/v2\/types\/post"}],"author":[{"embeddable":true,"href":"https:\/\/www.radiolimari.cl\/index.php?rest_route=\/wp\/v2\/users\/2"}],"replies":[{"embeddable":true,"href":"https:\/\/www.radiolimari.cl\/index.php?rest_route=%2Fwp%2Fv2%2Fcomments&post=6407"}],"version-history":[{"count":2,"href":"https:\/\/www.radiolimari.cl\/index.php?rest_route=\/wp\/v2\/posts\/6407\/revisions"}],"predecessor-version":[{"id":6410,"href":"https:\/\/www.radiolimari.cl\/index.php?rest_route=\/wp\/v2\/posts\/6407\/revisions\/6410"}],"wp:featuredmedia":[{"embeddable":true,"href":"https:\/\/www.radiolimari.cl\/index.php?rest_route=\/wp\/v2\/media\/6408"}],"wp:attachment":[{"href":"https:\/\/www.radiolimari.cl\/index.php?rest_route=%2Fwp%2Fv2%2Fmedia&parent=6407"}],"wp:term":[{"taxonomy":"category","embeddable":true,"href":"https:\/\/www.radiolimari.cl\/index.php?rest_route=%2Fwp%2Fv2%2Fcategories&post=6407"},{"taxonomy":"post_tag","embeddable":true,"href":"https:\/\/www.radiolimari.cl\/index.php?rest_route=%2Fwp%2Fv2%2Ftags&post=6407"}],"curies":[{"name":"wp","href":"https:\/\/api.w.org\/{rel}","templated":true}]}}