{"id":6401,"date":"2021-12-10T18:30:21","date_gmt":"2021-12-10T18:30:21","guid":{"rendered":"http:\/\/www.radiolimari.cl\/?p=6401"},"modified":"2021-12-10T18:30:21","modified_gmt":"2021-12-10T18:30:21","slug":"con-exito-culmina-iniciativa-que-acerco-a-ninos-y-ninas-de-la-region-de-coquimbo-a-la-ciencia","status":"publish","type":"post","link":"https:\/\/www.radiolimari.cl\/?p=6401","title":{"rendered":"Con \u00e9xito Culmina iniciativa que acerc\u00f3 a ni\u00f1os  y ni\u00f1as de la Regi\u00f3n de Coquimbo a la ciencia"},"content":{"rendered":"<p><a href=\"https:\/\/www.radiolimari.cl\/wp-content\/uploads\/2021\/12\/10.12-ceaza.png\"><img fetchpriority=\"high\" decoding=\"async\" class=\"alignnone size-medium wp-image-6402\" src=\"https:\/\/www.radiolimari.cl\/wp-content\/uploads\/2021\/12\/10.12-ceaza-300x168.png\" alt=\"10.12 ceaza\" width=\"300\" height=\"168\" srcset=\"https:\/\/www.radiolimari.cl\/wp-content\/uploads\/2021\/12\/10.12-ceaza-300x168.png 300w, https:\/\/www.radiolimari.cl\/wp-content\/uploads\/2021\/12\/10.12-ceaza-1024x576.png 1024w, https:\/\/www.radiolimari.cl\/wp-content\/uploads\/2021\/12\/10.12-ceaza.png 1920w\" sizes=\"(max-width: 300px) 100vw, 300px\" \/><\/a><\/p>\n<p><em>Las ganas de explorar y la curiosidad natural de los\/as infantes se vio potenciada para comprender el mundo que les rodea mediante la ciencia, la tecnolog\u00eda y la innovaci\u00f3n, gracias al Programa de Indagaci\u00f3n para Primeras Edades. <\/em><!--more--><\/p>\n<p>Luego de 6 meses de aprendizaje, descubrimientos y diversi\u00f3n para grandes y peque\u00f1os\/as, culmin\u00f3 exitosamente la versi\u00f3n 2021 del Programa de Indagaci\u00f3n para Primeras Edades, PIPE; iniciativa que se desarroll\u00f3 en jardines infantiles y establecimientos de las 3 provincias de la Regi\u00f3n de Coquimbo por parte del Proyecto Explora del Ministerio de Ciencia, y ejecutado por la Universidad Cat\u00f3lica del Norte.<\/p>\n<p>Fueron d\u00edas y semanas muy intensas, donde las ganas de explorar y la curiosidad natural de ni\u00f1os y ni\u00f1as se vio potenciada para comprender el mundo que les rodea mediante la ciencia, la tecnolog\u00eda y la innovaci\u00f3n; gracias a la gu\u00eda y los recursos educativos que utilizaron sus educadoras, quienes previamente aprendieron contenidos cient\u00edficos y estrategias metodol\u00f3gicas para ense\u00f1ar a sus p\u00e1rvulos a descubrir el valor de la ciencia y para desarrollar en ellos\/as competencias para enfrentar los desaf\u00edos del siglo XXI.<\/p>\n<p>Y con la finalidad de evaluar la implementaci\u00f3n de PIPE y recibir retroalimentaci\u00f3n de las t\u00e9cnicas y educadoras de p\u00e1rvulos participantes, tuvo lugar un l\u00fadico encuentro telem\u00e1tico que permiti\u00f3 cerrar esta iniciativa, jornada que cont\u00f3 con la asistencia de\u00a0 Ximena Silva D\u00edaz,\u00a0 Profesional pedag\u00f3gico del Programa Explora de la\u00a0 Divisi\u00f3n Ciencia y Sociedad del Ministerio de Ciencia; Sergio Gonz\u00e1lez \u00c1lvarez, Director del Proyecto Explora Coquimbo y las directoras de los establecimientos y jardines participantes, tanto p\u00fablicos, particulares, particulares subvencionados y pertenecientes a JUNJI e Integra.<\/p>\n<p>Precisamente, el Director del Proyecto Explora Coquimbo, Sergio Gonz\u00e1lez, destac\u00f3 que a trav\u00e9s de esta iniciativa se aporta un grano de arena de la educaci\u00f3n de ni\u00f1as y ni\u00f1os de toda la Regi\u00f3n de Coquimbo, \u201cdonde el Programa Explora a trav\u00e9s de sus proyectos asociativos regionales hace llegar PIPE a todas las\u00a0 comunas de la regi\u00f3n, y hemos podido acompa\u00f1ar a diversas educadoras y t\u00e9cnicos en p\u00e1rvulos, que \u00a0luego de capacitarse, pudieron llevar la iniciativa a sus establecimientos, alcanzando una gran cobertura de ni\u00f1os y ni\u00f1as que participaron de diversas actividades vinculadas con el mundo de la ciencia\u201d.<\/p>\n<p>En tanto, la encargada de PIPE del Proyecto Explora Coquimbo, Francisca Monardes Flores, felicit\u00f3 a las participantes de la iniciativa por su iniciativa y flexibilidad ante el contexto del 2021, \u201csobre todo por el trabajo desarrollado implementando PIPE, durante un a\u00f1o lleno de momentos y de encuentros cargados de conocimientos cient\u00edficos y pedag\u00f3gicos, y sin duda, intencionados para el trabajo con p\u00e1rvulos, que es lo que se requiere hoy para atender las necesidades del siglo XXI\u201d.<\/p>\n","protected":false},"excerpt":{"rendered":"<p>Las ganas de explorar y la curiosidad natural de los\/as infantes se vio potenciada para comprender el mundo que les rodea mediante la ciencia, la tecnolog\u00eda y la innovaci\u00f3n, gracias al Programa de Indagaci\u00f3n para Primeras Edades.<\/p>\n","protected":false},"author":2,"featured_media":6402,"comment_status":"open","ping_status":"open","sticky":false,"template":"","format":"standard","meta":{"footnotes":""},"categories":[3],"tags":[],"class_list":["post-6401","post","type-post","status-publish","format-standard","has-post-thumbnail","hentry","category-actualidad"],"_links":{"self":[{"href":"https:\/\/www.radiolimari.cl\/index.php?rest_route=\/wp\/v2\/posts\/6401","targetHints":{"allow":["GET"]}}],"collection":[{"href":"https:\/\/www.radiolimari.cl\/index.php?rest_route=\/wp\/v2\/posts"}],"about":[{"href":"https:\/\/www.radiolimari.cl\/index.php?rest_route=\/wp\/v2\/types\/post"}],"author":[{"embeddable":true,"href":"https:\/\/www.radiolimari.cl\/index.php?rest_route=\/wp\/v2\/users\/2"}],"replies":[{"embeddable":true,"href":"https:\/\/www.radiolimari.cl\/index.php?rest_route=%2Fwp%2Fv2%2Fcomments&post=6401"}],"version-history":[{"count":1,"href":"https:\/\/www.radiolimari.cl\/index.php?rest_route=\/wp\/v2\/posts\/6401\/revisions"}],"predecessor-version":[{"id":6403,"href":"https:\/\/www.radiolimari.cl\/index.php?rest_route=\/wp\/v2\/posts\/6401\/revisions\/6403"}],"wp:featuredmedia":[{"embeddable":true,"href":"https:\/\/www.radiolimari.cl\/index.php?rest_route=\/wp\/v2\/media\/6402"}],"wp:attachment":[{"href":"https:\/\/www.radiolimari.cl\/index.php?rest_route=%2Fwp%2Fv2%2Fmedia&parent=6401"}],"wp:term":[{"taxonomy":"category","embeddable":true,"href":"https:\/\/www.radiolimari.cl\/index.php?rest_route=%2Fwp%2Fv2%2Fcategories&post=6401"},{"taxonomy":"post_tag","embeddable":true,"href":"https:\/\/www.radiolimari.cl\/index.php?rest_route=%2Fwp%2Fv2%2Ftags&post=6401"}],"curies":[{"name":"wp","href":"https:\/\/api.w.org\/{rel}","templated":true}]}}