{"id":6395,"date":"2021-12-10T12:30:39","date_gmt":"2021-12-10T12:30:39","guid":{"rendered":"http:\/\/www.radiolimari.cl\/?p=6395"},"modified":"2021-12-10T12:30:45","modified_gmt":"2021-12-10T12:30:45","slug":"delegado-ignacio-pinto-con-el-matrimonio-igualitario-dimos-un-paso-importante-para-terminar-con-la-discriminacion","status":"publish","type":"post","link":"https:\/\/www.radiolimari.cl\/?p=6395","title":{"rendered":"Delegado Ignacio Pinto: \u00abcon el Matrimonio Igualitario dimos un paso importante para terminar con la discriminaci\u00f3n\u00bb"},"content":{"rendered":"<p><a href=\"https:\/\/www.radiolimari.cl\/wp-content\/uploads\/2021\/12\/10.12-gobierno.jpg\"><img fetchpriority=\"high\" decoding=\"async\" class=\"alignnone size-medium wp-image-6396\" src=\"https:\/\/www.radiolimari.cl\/wp-content\/uploads\/2021\/12\/10.12-gobierno-300x225.jpg\" alt=\"10.12 gobierno\" width=\"300\" height=\"225\" srcset=\"https:\/\/www.radiolimari.cl\/wp-content\/uploads\/2021\/12\/10.12-gobierno-300x225.jpg 300w, https:\/\/www.radiolimari.cl\/wp-content\/uploads\/2021\/12\/10.12-gobierno-1024x768.jpg 1024w, https:\/\/www.radiolimari.cl\/wp-content\/uploads\/2021\/12\/10.12-gobierno.jpg 1600w\" sizes=\"(max-width: 300px) 100vw, 300px\" \/><\/a><\/p>\n<p><strong><em>La autoridad regional remarc\u00f3 la importancia de esta nueva Ley. \u00abEsto es dignidad, respeto y, sobre todo, justicia\u00bb, acot\u00f3.<\/em><\/strong><!--more--><\/p>\n<p>El Presidente Sebasti\u00e1n Pi\u00f1era, en su pasada Cuenta P\u00fablica, anunci\u00f3 que se le otorgar\u00eda urgencia al proyecto de ley de matrimonio igualitario.<\/p>\n<p>Iniciativa que, luego de pasar por su proceso legislativo ser\u00e1 una nueva Ley de la Rep\u00fablica, con la que se regular\u00e1, en igualdad de condiciones, el matrimonio de personas del mismo sexo, terminando con la discriminaci\u00f3n vigente, otorgando un acceso igualitario al matrimonio civil.<\/p>\n<p><strong>\u00abEsto fue un compromiso de nuestro Presidente. Sin duda es un orgullo para todos. Ac\u00e1 hubo esfuerzos y apoyos transversales, y coordinaciones desde los ministerios Segegob, Presidencial, Desarrollo Social, Justicia, ONG&#8217;s, nuestro Congreso y la convicci\u00f3n de este Gobierno de que ten\u00edamos que avanzar y lo hicimos. Hoy Chile ha dado un paso importante para terminar con la discriminaci\u00f3n\u00bb<\/strong>, indic\u00f3 el Delegado Presidencial Regional de Coquimbo, Ignacio Pinto.<\/p>\n<p>La Ley ya fue promulgada por el Presidente Pi\u00f1era, la que reemplazar\u00e1 los conceptos de padre y madre por la palabra progenitor, y tambi\u00e9n los t\u00e9rminos de marido y mujer por c\u00f3nyuges.<\/p>\n<p><strong>\u00abEsto es dignidad, es respeto y, sobre todo, justicia. De esta manera estamos creyendo con mayor fuerza, protegiendo y reconociendo a las familias, garantizando que todos somos iguales a te la Ley y que no hay espacios para la discriminaci\u00f3n por la orientaci\u00f3n sexual\u00bb<\/strong>, subray\u00f3 el Delegado Pinto.<\/p>\n<p>En materia de filiaci\u00f3n, el proyecto de ley introduce modificaciones, haciendo compatible el sistema actual con los matrimonios entre personas del mismo sexo.<\/p>\n","protected":false},"excerpt":{"rendered":"<p>La autoridad regional remarc\u00f3 la importancia de esta nueva Ley. \u00abEsto es dignidad, respeto y, sobre todo, justicia\u00bb, acot\u00f3.<\/p>\n","protected":false},"author":2,"featured_media":6396,"comment_status":"open","ping_status":"open","sticky":false,"template":"","format":"standard","meta":{"footnotes":""},"categories":[3],"tags":[],"class_list":["post-6395","post","type-post","status-publish","format-standard","has-post-thumbnail","hentry","category-actualidad"],"_links":{"self":[{"href":"https:\/\/www.radiolimari.cl\/index.php?rest_route=\/wp\/v2\/posts\/6395","targetHints":{"allow":["GET"]}}],"collection":[{"href":"https:\/\/www.radiolimari.cl\/index.php?rest_route=\/wp\/v2\/posts"}],"about":[{"href":"https:\/\/www.radiolimari.cl\/index.php?rest_route=\/wp\/v2\/types\/post"}],"author":[{"embeddable":true,"href":"https:\/\/www.radiolimari.cl\/index.php?rest_route=\/wp\/v2\/users\/2"}],"replies":[{"embeddable":true,"href":"https:\/\/www.radiolimari.cl\/index.php?rest_route=%2Fwp%2Fv2%2Fcomments&post=6395"}],"version-history":[{"count":1,"href":"https:\/\/www.radiolimari.cl\/index.php?rest_route=\/wp\/v2\/posts\/6395\/revisions"}],"predecessor-version":[{"id":6397,"href":"https:\/\/www.radiolimari.cl\/index.php?rest_route=\/wp\/v2\/posts\/6395\/revisions\/6397"}],"wp:featuredmedia":[{"embeddable":true,"href":"https:\/\/www.radiolimari.cl\/index.php?rest_route=\/wp\/v2\/media\/6396"}],"wp:attachment":[{"href":"https:\/\/www.radiolimari.cl\/index.php?rest_route=%2Fwp%2Fv2%2Fmedia&parent=6395"}],"wp:term":[{"taxonomy":"category","embeddable":true,"href":"https:\/\/www.radiolimari.cl\/index.php?rest_route=%2Fwp%2Fv2%2Fcategories&post=6395"},{"taxonomy":"post_tag","embeddable":true,"href":"https:\/\/www.radiolimari.cl\/index.php?rest_route=%2Fwp%2Fv2%2Ftags&post=6395"}],"curies":[{"name":"wp","href":"https:\/\/api.w.org\/{rel}","templated":true}]}}