{"id":6392,"date":"2021-12-09T13:36:47","date_gmt":"2021-12-09T13:36:47","guid":{"rendered":"http:\/\/www.radiolimari.cl\/?p=6392"},"modified":"2021-12-09T13:36:47","modified_gmt":"2021-12-09T13:36:47","slug":"ignacio-pinto-delegado-presidencial-destaca-proyecto-de-pension-garantizada-universal","status":"publish","type":"post","link":"https:\/\/www.radiolimari.cl\/?p=6392","title":{"rendered":"Ignacio Pinto, Delegado Presidencial destaca proyecto de pensi\u00f3n garantizada universal"},"content":{"rendered":"<p><a href=\"https:\/\/www.radiolimari.cl\/wp-content\/uploads\/2021\/12\/9.12-deleg-reg.jpg\"><img fetchpriority=\"high\" decoding=\"async\" class=\"alignnone size-medium wp-image-6393\" src=\"https:\/\/www.radiolimari.cl\/wp-content\/uploads\/2021\/12\/9.12-deleg-reg-300x200.jpg\" alt=\"9.12 deleg reg\" width=\"300\" height=\"200\" srcset=\"https:\/\/www.radiolimari.cl\/wp-content\/uploads\/2021\/12\/9.12-deleg-reg-300x200.jpg 300w, https:\/\/www.radiolimari.cl\/wp-content\/uploads\/2021\/12\/9.12-deleg-reg-1024x682.jpg 1024w, https:\/\/www.radiolimari.cl\/wp-content\/uploads\/2021\/12\/9.12-deleg-reg.jpg 1920w\" sizes=\"(max-width: 300px) 100vw, 300px\" \/><\/a><\/p>\n<p><strong><em>La propuesta dada a conocer por el Presidente Pi\u00f1era contempla una pensi\u00f3n de 185 mil pesos que beneficiar\u00e1 a m\u00e1s de 2 millones de personas mayores de 65 a\u00f1os.<\/em><\/strong><!--more--><\/p>\n<p>Este 8 de diciembre el Presidente Sebasti\u00e1n Pi\u00f1era anunci\u00f3 el env\u00edo al Congreso de un proyecto de Ley para la creaci\u00f3n de una Pensi\u00f3n Garantizada Universal, cuyos recursos se sumar\u00edan al monto recibido por los ahorros previsionales realizados durante la vida laboral.<\/p>\n<p>La Pensi\u00f3n Garantizada Universal (PGU) beneficiar\u00e1 a todos los mayores de 65 a\u00f1os del 90% m\u00e1s vulnerable sin importar si est\u00e1n jubilados o siguen trabajando.<\/p>\n<p>El Delegado Presidencial Ignacio Pinto destac\u00f3 el anuncio presidencial y coment\u00f3 que <strong>\u00abesta es una muestra del compromiso que nuestro Gobierno tiene con los adultos mayores, pero tambi\u00e9n con la clase media. Sin duda es una gran noticia y esperamos que el Congreso apruebe prontamente el proyecto de ley\u201d<\/strong>.<\/p>\n<p>Esta Pensi\u00f3n Garantizada Universal ser\u00e1\u0301 financiada por el Estado, administrada por el Instituto de Previsi\u00f3n Social (IPS) y le llegara\u0301 directamente, sin pasar por las AFP, a los adultos mayores, reemplazando al Pilar Solidario.<\/p>\n<p><strong>\u201cEl hecho de que no se excluya del beneficio a las personas que a\u00fan despu\u00e9s de los 65 a\u00f1os contin\u00faan activos laboralmente, transforma esta medida en un apoyo econ\u00f3mico relevante y en un incentivo para el ahorro previsional de todas las personas\u201d<\/strong>, agreg\u00f3 el Delegado Presidencial.<\/p>\n<p>La Pensi\u00f3n B\u00e1sica Solidaria (PBS) que hoy alcanza a $176 mil, ser\u00e1\u0301 reemplazada por la PGU que alcanza a $ 185 mil. La Pensi\u00f3n Solidaria de Invalidez tambi\u00e9n se incrementara\u0301 a $185 mil.<\/p>\n","protected":false},"excerpt":{"rendered":"<p>La propuesta dada a conocer por el Presidente Pi\u00f1era contempla una pensi\u00f3n de 185 mil pesos que beneficiar\u00e1 a m\u00e1s de 2 millones de personas mayores de 65 a\u00f1os.<\/p>\n","protected":false},"author":2,"featured_media":6393,"comment_status":"open","ping_status":"open","sticky":false,"template":"","format":"standard","meta":{"footnotes":""},"categories":[6],"tags":[],"class_list":["post-6392","post","type-post","status-publish","format-standard","has-post-thumbnail","hentry","category-regionales"],"_links":{"self":[{"href":"https:\/\/www.radiolimari.cl\/index.php?rest_route=\/wp\/v2\/posts\/6392","targetHints":{"allow":["GET"]}}],"collection":[{"href":"https:\/\/www.radiolimari.cl\/index.php?rest_route=\/wp\/v2\/posts"}],"about":[{"href":"https:\/\/www.radiolimari.cl\/index.php?rest_route=\/wp\/v2\/types\/post"}],"author":[{"embeddable":true,"href":"https:\/\/www.radiolimari.cl\/index.php?rest_route=\/wp\/v2\/users\/2"}],"replies":[{"embeddable":true,"href":"https:\/\/www.radiolimari.cl\/index.php?rest_route=%2Fwp%2Fv2%2Fcomments&post=6392"}],"version-history":[{"count":1,"href":"https:\/\/www.radiolimari.cl\/index.php?rest_route=\/wp\/v2\/posts\/6392\/revisions"}],"predecessor-version":[{"id":6394,"href":"https:\/\/www.radiolimari.cl\/index.php?rest_route=\/wp\/v2\/posts\/6392\/revisions\/6394"}],"wp:featuredmedia":[{"embeddable":true,"href":"https:\/\/www.radiolimari.cl\/index.php?rest_route=\/wp\/v2\/media\/6393"}],"wp:attachment":[{"href":"https:\/\/www.radiolimari.cl\/index.php?rest_route=%2Fwp%2Fv2%2Fmedia&parent=6392"}],"wp:term":[{"taxonomy":"category","embeddable":true,"href":"https:\/\/www.radiolimari.cl\/index.php?rest_route=%2Fwp%2Fv2%2Fcategories&post=6392"},{"taxonomy":"post_tag","embeddable":true,"href":"https:\/\/www.radiolimari.cl\/index.php?rest_route=%2Fwp%2Fv2%2Ftags&post=6392"}],"curies":[{"name":"wp","href":"https:\/\/api.w.org\/{rel}","templated":true}]}}