{"id":6389,"date":"2021-12-09T13:07:40","date_gmt":"2021-12-09T13:07:40","guid":{"rendered":"http:\/\/www.radiolimari.cl\/?p=6389"},"modified":"2021-12-09T13:07:40","modified_gmt":"2021-12-09T13:07:40","slug":"artistas-limarinos-representan-a-la-provincia-en-feria-internacional-de-la-musica-pulsar-2021","status":"publish","type":"post","link":"https:\/\/www.radiolimari.cl\/?p=6389","title":{"rendered":"Artistas limarinos representan a la provincia en Feria Internacional de la M\u00fasica Pulsar 2021"},"content":{"rendered":"<p><a href=\"https:\/\/www.radiolimari.cl\/wp-content\/uploads\/2021\/12\/9.12-Hesper-Pulsar.jpg\"><img fetchpriority=\"high\" decoding=\"async\" class=\"alignnone size-medium wp-image-6390\" src=\"https:\/\/www.radiolimari.cl\/wp-content\/uploads\/2021\/12\/9.12-Hesper-Pulsar-300x300.jpg\" alt=\"9.12 Hesper Pulsar\" width=\"300\" height=\"300\" srcset=\"https:\/\/www.radiolimari.cl\/wp-content\/uploads\/2021\/12\/9.12-Hesper-Pulsar-300x300.jpg 300w, https:\/\/www.radiolimari.cl\/wp-content\/uploads\/2021\/12\/9.12-Hesper-Pulsar-150x150.jpg 150w, https:\/\/www.radiolimari.cl\/wp-content\/uploads\/2021\/12\/9.12-Hesper-Pulsar-1024x1024.jpg 1024w, https:\/\/www.radiolimari.cl\/wp-content\/uploads\/2021\/12\/9.12-Hesper-Pulsar-70x70.jpg 70w, https:\/\/www.radiolimari.cl\/wp-content\/uploads\/2021\/12\/9.12-Hesper-Pulsar.jpg 1081w\" sizes=\"(max-width: 300px) 100vw, 300px\" \/><\/a><\/p>\n<p><strong>La cantautora Less y la banda Hesper ser\u00e1n parte de los showcases en la versi\u00f3n virtual de la m\u00e1s relevante feria internacional de la industria musical nacional, organizada por la Sociedad Chilena del Derecho de Autor, SCD, desde 2009. Ambos artistas representar\u00e1n a Limar\u00ed Rock y a 898 Home Studio, respectivamente.<\/strong><!--more--><\/p>\n<p>Tras una edici\u00f3n 2019 suspendida por el contexto revuelto del pa\u00eds, seguida de una versi\u00f3n 2020 que debi\u00f3 reconvertirse por completo a la l\u00f3gica virtual, este a\u00f1o el mayor encuentro dedicado a la industria musical chilena, organizado hace m\u00e1s de una d\u00e9cada por la Sociedad de Autores e Int\u00e9rpretes Musicales (SCD), vuelve con un formato que combinar\u00e1 lo presencial con los elementos digitales. El evento se desarrollar\u00e1 entre el 10 y el 18 de diciembre.<\/p>\n<p>En el formato digital, se ofrecer\u00e1n 60 showcases a cargo de sellos y organizaciones independientes de todo el pa\u00eds. Representando a la Provincia del Limar\u00ed se encuentran la cantautora Less y la banda Hesper, quienes representan a Limar\u00ed Rock y a 898 Home Studio, respectivamente.<\/p>\n<p>Less se presentar\u00e1 en este escenario virtual de la SCD, este viernes 10, en la jornada inaugural, a las 17:00 horas. La creadora musical se encuentra finalizando su disco debut solista, mientras tambi\u00e9n genera material en el proyecto Tricom. Por su parte, la banda Hesper viene a completar un a\u00f1o 2021 marcado por el lanzamiento de su disco \u201cEl Huerto\u201d, producci\u00f3n que hace algunas semanas tuvo un lucido lanzamiento en formato mixto, en el Teatro Municipal de Ovalle. Los autores de \u201cLa Simplicidad\u201d tambi\u00e9n se presentaron en el Festival Ovalle Cultura y se aprestan a ser parte del concierto de celebraci\u00f3n del D\u00eda de la M\u00fasica en Coquimbo el 12 de diciembre. Hesper se presentar\u00e1 online en Pulsar el s\u00e1bado 11 a las 16:00 horas.<\/p>\n<p>Pero Limar\u00ed Rock no s\u00f3lo se hace presente en Feria PULSAR con m\u00fasica en los showcases, sino tambi\u00e9n con una oferta especial. Un disco compilado de descarga gratuita, s\u00f3lo por tiempo limitado en Feria Pulsar, del 10 al 18 de diciembre. La producci\u00f3n cuenta con la m\u00fasica de Fernanda Ravanal, Matthias Prieto, Locura a bordo, Less, D-43 Banda, Hesper, Oscar Hauyon, Ovalle Funk Trio ( O.F.T.), Pedro Garc\u00eda, Quinto Mono, Basti\u00e1n Trovador, Mauro Sewell y muchos m\u00e1s.<\/p>\n<p>Para interiorizarse sobre la Feria Internacional de la M\u00fasica Pulsar 2021, su historia, expositores y ser parte de sus conciertos y capacitaciones, s\u00f3lo se debe entrar al sitio web <a href=\"https:\/\/www.feriapulsar.cl\/\">https:\/\/www.feriapulsar.cl\/<\/a><\/p>\n","protected":false},"excerpt":{"rendered":"<p>La cantautora Less y la banda Hesper ser\u00e1n parte de los showcases en la versi\u00f3n virtual de la m\u00e1s relevante feria internacional de la industria musical nacional, organizada por la Sociedad Chilena del Derecho de Autor, SCD, desde 2009. Ambos artistas representar\u00e1n a Limar\u00ed Rock y a 898 Home Studio, respectivamente.<\/p>\n","protected":false},"author":2,"featured_media":6390,"comment_status":"open","ping_status":"open","sticky":false,"template":"","format":"standard","meta":{"footnotes":""},"categories":[3],"tags":[],"class_list":["post-6389","post","type-post","status-publish","format-standard","has-post-thumbnail","hentry","category-actualidad"],"_links":{"self":[{"href":"https:\/\/www.radiolimari.cl\/index.php?rest_route=\/wp\/v2\/posts\/6389","targetHints":{"allow":["GET"]}}],"collection":[{"href":"https:\/\/www.radiolimari.cl\/index.php?rest_route=\/wp\/v2\/posts"}],"about":[{"href":"https:\/\/www.radiolimari.cl\/index.php?rest_route=\/wp\/v2\/types\/post"}],"author":[{"embeddable":true,"href":"https:\/\/www.radiolimari.cl\/index.php?rest_route=\/wp\/v2\/users\/2"}],"replies":[{"embeddable":true,"href":"https:\/\/www.radiolimari.cl\/index.php?rest_route=%2Fwp%2Fv2%2Fcomments&post=6389"}],"version-history":[{"count":1,"href":"https:\/\/www.radiolimari.cl\/index.php?rest_route=\/wp\/v2\/posts\/6389\/revisions"}],"predecessor-version":[{"id":6391,"href":"https:\/\/www.radiolimari.cl\/index.php?rest_route=\/wp\/v2\/posts\/6389\/revisions\/6391"}],"wp:featuredmedia":[{"embeddable":true,"href":"https:\/\/www.radiolimari.cl\/index.php?rest_route=\/wp\/v2\/media\/6390"}],"wp:attachment":[{"href":"https:\/\/www.radiolimari.cl\/index.php?rest_route=%2Fwp%2Fv2%2Fmedia&parent=6389"}],"wp:term":[{"taxonomy":"category","embeddable":true,"href":"https:\/\/www.radiolimari.cl\/index.php?rest_route=%2Fwp%2Fv2%2Fcategories&post=6389"},{"taxonomy":"post_tag","embeddable":true,"href":"https:\/\/www.radiolimari.cl\/index.php?rest_route=%2Fwp%2Fv2%2Ftags&post=6389"}],"curies":[{"name":"wp","href":"https:\/\/api.w.org\/{rel}","templated":true}]}}