{"id":6383,"date":"2021-12-06T14:50:58","date_gmt":"2021-12-06T14:50:58","guid":{"rendered":"http:\/\/www.radiolimari.cl\/?p=6383"},"modified":"2021-12-06T14:50:58","modified_gmt":"2021-12-06T14:50:58","slug":"fundacion-integra-amplia-plazo-para-postular-a-salas-cuna-y-jardines-infantiles","status":"publish","type":"post","link":"https:\/\/www.radiolimari.cl\/?p=6383","title":{"rendered":"Fundaci\u00f3n Integra ampl\u00eda plazo para postular a salas cuna y jardines infantiles"},"content":{"rendered":"<p><a href=\"https:\/\/www.radiolimari.cl\/wp-content\/uploads\/2021\/12\/6.12-integra-1.jpg\"><img fetchpriority=\"high\" decoding=\"async\" class=\"alignnone size-medium wp-image-6384\" src=\"https:\/\/www.radiolimari.cl\/wp-content\/uploads\/2021\/12\/6.12-integra-1-300x168.jpg\" alt=\"6.12 integra 1\" width=\"300\" height=\"168\" srcset=\"https:\/\/www.radiolimari.cl\/wp-content\/uploads\/2021\/12\/6.12-integra-1-300x168.jpg 300w, https:\/\/www.radiolimari.cl\/wp-content\/uploads\/2021\/12\/6.12-integra-1-1024x576.jpg 1024w, https:\/\/www.radiolimari.cl\/wp-content\/uploads\/2021\/12\/6.12-integra-1.jpg 2000w\" sizes=\"(max-width: 300px) 100vw, 300px\" \/><\/a><\/p>\n<p><strong>La plataforma de ingreso estar\u00e1 disponible hasta este martes 7 de diciembre en <a href=\"http:\/\/www.integra.cl\">www.integra.cl<\/a><\/strong><!--more--><\/p>\n<p>Debido a la alta demanda en postulaciones durante los \u00faltimos d\u00edas y a que a\u00fan hay cupos disponibles para 2022, Fundaci\u00f3n Integra anunci\u00f3 la ampliaci\u00f3n del plazo de postulaci\u00f3n a sus salas cuna y jardines infantiles hasta este martes 7 de diciembre a las 23:59 horas.<\/p>\n<p>Hasta esa fecha las familias que a\u00fan no han postulado a alguno de los establecimientos de la instituci\u00f3n podr\u00e1n hacerlo ingresando a <a href=\"http:\/\/www.integra.cl\">www.integra.cl<\/a> y completando el formulario en l\u00ednea.<\/p>\n<p>Para aquellas familias que requieran asistencia en el proceso se encuentra disponible la l\u00ednea telef\u00f3nica 800 540 011 o bien, pueden acercarse al jard\u00edn infantil m\u00e1s cercano.<\/p>\n<p>\u00abHemos tenido una alta demanda de postulaci\u00f3n en los \u00faltimos d\u00edas, por eso se ha ampliado el plazo para que m\u00e1s familias puedan inscribir a sus hijos e hijas en <a href=\"http:\/\/www.integra.cl\">www.integra.cl<\/a> hasta el martes 7 de diciembre. Esperamos que todos alcancen a postular y as\u00ed cada ni\u00f1o y ni\u00f1a que necesite jard\u00edn infantil pueda acceder a educaci\u00f3n\u201d, sostuvo la Directora Regional de Integra, Javiera Adaro.<\/p>\n<p>Los resultados de la postulaci\u00f3n, as\u00ed como los nombres de los ni\u00f1os y ni\u00f1as seleccionados, estar\u00e1n disponibles entre el 17 y el 21 de diciembre de 2021 en <a href=\"http:\/\/www.integra.cl\">www.integra.cl<\/a>, periodo en que las familias tendr\u00e1n que aceptar la vacante en el centro educativo asignado o rechazarla y as\u00ed activar las listas de espera en los establecimientos de su preferencia.<\/p>\n<p>El periodo de matr\u00edcula, en tanto, ser\u00e1 presencialmente entre el 27 de diciembre y el 5 de enero de 2022, directamente en los jardines infantiles y salas cuna.<\/p>\n","protected":false},"excerpt":{"rendered":"<p>La plataforma de ingreso estar\u00e1 disponible hasta este martes 7 de diciembre en www.integra.cl<\/p>\n","protected":false},"author":2,"featured_media":6384,"comment_status":"open","ping_status":"open","sticky":false,"template":"","format":"standard","meta":{"footnotes":""},"categories":[6],"tags":[],"class_list":["post-6383","post","type-post","status-publish","format-standard","has-post-thumbnail","hentry","category-regionales"],"_links":{"self":[{"href":"https:\/\/www.radiolimari.cl\/index.php?rest_route=\/wp\/v2\/posts\/6383","targetHints":{"allow":["GET"]}}],"collection":[{"href":"https:\/\/www.radiolimari.cl\/index.php?rest_route=\/wp\/v2\/posts"}],"about":[{"href":"https:\/\/www.radiolimari.cl\/index.php?rest_route=\/wp\/v2\/types\/post"}],"author":[{"embeddable":true,"href":"https:\/\/www.radiolimari.cl\/index.php?rest_route=\/wp\/v2\/users\/2"}],"replies":[{"embeddable":true,"href":"https:\/\/www.radiolimari.cl\/index.php?rest_route=%2Fwp%2Fv2%2Fcomments&post=6383"}],"version-history":[{"count":1,"href":"https:\/\/www.radiolimari.cl\/index.php?rest_route=\/wp\/v2\/posts\/6383\/revisions"}],"predecessor-version":[{"id":6385,"href":"https:\/\/www.radiolimari.cl\/index.php?rest_route=\/wp\/v2\/posts\/6383\/revisions\/6385"}],"wp:featuredmedia":[{"embeddable":true,"href":"https:\/\/www.radiolimari.cl\/index.php?rest_route=\/wp\/v2\/media\/6384"}],"wp:attachment":[{"href":"https:\/\/www.radiolimari.cl\/index.php?rest_route=%2Fwp%2Fv2%2Fmedia&parent=6383"}],"wp:term":[{"taxonomy":"category","embeddable":true,"href":"https:\/\/www.radiolimari.cl\/index.php?rest_route=%2Fwp%2Fv2%2Fcategories&post=6383"},{"taxonomy":"post_tag","embeddable":true,"href":"https:\/\/www.radiolimari.cl\/index.php?rest_route=%2Fwp%2Fv2%2Ftags&post=6383"}],"curies":[{"name":"wp","href":"https:\/\/api.w.org\/{rel}","templated":true}]}}