{"id":6380,"date":"2021-12-06T14:21:42","date_gmt":"2021-12-06T14:21:42","guid":{"rendered":"http:\/\/www.radiolimari.cl\/?p=6380"},"modified":"2021-12-06T14:21:42","modified_gmt":"2021-12-06T14:21:42","slug":"en-monte-patria-lanzan-campana-yoincluyo","status":"publish","type":"post","link":"https:\/\/www.radiolimari.cl\/?p=6380","title":{"rendered":"En Monte Patria Lanzan campa\u00f1a #YoIncluyo"},"content":{"rendered":"<p><a href=\"https:\/\/www.radiolimari.cl\/wp-content\/uploads\/2021\/12\/6.12-pintura-monte-patria-2.jpg\"><img fetchpriority=\"high\" decoding=\"async\" class=\"alignnone size-medium wp-image-6381\" src=\"https:\/\/www.radiolimari.cl\/wp-content\/uploads\/2021\/12\/6.12-pintura-monte-patria-2-300x225.jpg\" alt=\"6.12 pintura monte patria 2\" width=\"300\" height=\"225\" srcset=\"https:\/\/www.radiolimari.cl\/wp-content\/uploads\/2021\/12\/6.12-pintura-monte-patria-2-300x225.jpg 300w, https:\/\/www.radiolimari.cl\/wp-content\/uploads\/2021\/12\/6.12-pintura-monte-patria-2-1024x768.jpg 1024w, https:\/\/www.radiolimari.cl\/wp-content\/uploads\/2021\/12\/6.12-pintura-monte-patria-2.jpg 2016w\" sizes=\"(max-width: 300px) 100vw, 300px\" \/><\/a><\/p>\n<p><strong>En el marco de este importante hito comunal se inaugur\u00f3\u00a0 la exposici\u00f3n Or\u00edgenes de la artista pl\u00e1stica inclusiva, Silvia Vargas en el Centro Cultural Huayquilonko<\/strong><!--more--><\/p>\n<p style=\"text-align: justify;\">Sin duda un compromiso asumido por la Municipalidad de Monte Patria ha sido la inclusi\u00f3n a trav\u00e9s de un trabajo permanente que ha permitido avanzar en temas de accesibilidad y bienestar sustituyendo las barreras por oportunidades y derechos sociales para todos y todas.<\/p>\n<p style=\"text-align: justify;\">En este sentido y en el marco del D\u00eda Internacional de las Personas con Discapacidad, el Centro Comunitario de Rehabilitaci\u00f3n de la Municipalidad de Monte Patria, a trav\u00e9s de su programa Estrategia de Desarrollo Local Inclusivo, lanz\u00f3 la campa\u00f1a #YoIncluyo, que cont\u00f3 con una emotiva ceremonia compuesta por diversas iniciativas y c\u00e1psulas audiovisuales.<\/p>\n<p style=\"text-align: justify;\">Para el alcalde, Cristian Herrera, es un compromiso seguir avanzando hacia una comuna m\u00e1s inclusiva quien se\u00f1al\u00f3 que \u201cnosotros tenemos la fortuna de que en nuestra comuna est\u00e1 funcionando el Programa EDLI, donde las profesionales que trabajan en este programa nos emplazan permanentemente a ir tomando medidas de inclusi\u00f3n. Lo dec\u00edamos la campa\u00f1a es Yo Incluyo, t\u00fa incluyes, pero al preguntarle a las personas en situaci\u00f3n de discapacidad si se sienten incluidas, la respuesta no es favorable, porque tenemos mucho que seguir avanzando como comuna. Hemos establecido, en este corto periodo que llevamos, una mesa de la inclusi\u00f3n dentro del mismo municipio para poder ir avanzando en temas de accesibilidad en nuestros espacios. Tenemos el compromiso de seguir en esta senda y esperemos que para el pr\u00f3ximo a\u00f1o en esta fecha hayamos avanzado y seamos un municipio m\u00e1s inclusivo que el de este a\u00f1o\u201d.<\/p>\n<p style=\"text-align: justify;\">Por su parte la directora de Desarrollo Comunitario de Monte Patria, Ver\u00f3nica Z\u00e1rate indic\u00f3 que \u201cesta campa\u00f1a fue especialmente\u00a0 preparada como un llamado de atenci\u00f3n a toda la comunidad montepatrina. Tenemos que ser una comuna m\u00e1s inclusiva, m\u00e1s cercana y que brinde m\u00e1s oportunidades de ejercicio pleno de derecho a las personas en situaci\u00f3n de discapacidad\u201d.<\/p>\n<p style=\"text-align: justify;\">\n<p style=\"text-align: justify;\"><strong>OR\u00cdGENES<\/strong><\/p>\n<p style=\"text-align: justify;\">\u00bfTe imaginas pintar sin ver tu lienzo? Pues para la artista pl\u00e1stica montepatrina, Silvia Vargas, quien sufre de discapacidad visual ha sido todo un desaf\u00edo crear sus obras a partir del sentido del tacto, a trav\u00e9s de t\u00e9cnicas experimentales con las cuales ha logrado dar forma a coloridos cuadros, desde hace m\u00e1s de seis a\u00f1os, convirti\u00e9ndose en una artista inclusiva que ha representado a Chile en diversas exposiciones a nivel internacional.<\/p>\n<p style=\"text-align: justify;\">Como parte del lanzamiento de la campa\u00f1a, en la Sala de Exposici\u00f3n 1 del Centro Cultural Huayquilonko se inaugur\u00f3 su muestra \u201cOr\u00edgenes\u201d la cual contiene 10 cuadros en honor a su retorno a Monte Patria, despu\u00e9s de varios a\u00f1os fuera de su tierra, y en la cual fusiona dos de sus obras: \u201cGracia Macondo en visiones\u201d y \u201cGente, voces de mi tierra\u201d.<\/p>\n<p style=\"text-align: justify;\">\u201cEn la Galer\u00eda Or\u00edgenes tratamos de empatizar, de generar esta necesidad de que la gente visibilice la discapacidad, pero no desde el asistencialismo; sino desde una mirada de empoderamiento y desde la necesidad de podernos insertar en la sociedad\u201d manifest\u00f3 la artista.<\/p>\n<p style=\"text-align: justify;\">Cabe destacar que la exposici\u00f3n estar\u00e1 abierta a la comunidad, durante dos semanas en el Centro Cultural Huayquilonko, donde los asistentes podr\u00e1n recorrer las pinturas con sus dedos, a fin de experimentar, lo que siente Silvia Vargas cuando pinta con sus dedos cada uno de sus cuadros.<\/p>\n","protected":false},"excerpt":{"rendered":"<p>En el marco de este importante hito comunal se inaugur\u00f3\u00a0 la exposici\u00f3n Or\u00edgenes de la artista pl\u00e1stica inclusiva, Silvia Vargas en el Centro Cultural Huayquilonko<\/p>\n","protected":false},"author":2,"featured_media":6381,"comment_status":"open","ping_status":"open","sticky":false,"template":"","format":"standard","meta":{"footnotes":""},"categories":[5],"tags":[],"class_list":["post-6380","post","type-post","status-publish","format-standard","has-post-thumbnail","hentry","category-actualidad-limarina"],"_links":{"self":[{"href":"https:\/\/www.radiolimari.cl\/index.php?rest_route=\/wp\/v2\/posts\/6380","targetHints":{"allow":["GET"]}}],"collection":[{"href":"https:\/\/www.radiolimari.cl\/index.php?rest_route=\/wp\/v2\/posts"}],"about":[{"href":"https:\/\/www.radiolimari.cl\/index.php?rest_route=\/wp\/v2\/types\/post"}],"author":[{"embeddable":true,"href":"https:\/\/www.radiolimari.cl\/index.php?rest_route=\/wp\/v2\/users\/2"}],"replies":[{"embeddable":true,"href":"https:\/\/www.radiolimari.cl\/index.php?rest_route=%2Fwp%2Fv2%2Fcomments&post=6380"}],"version-history":[{"count":1,"href":"https:\/\/www.radiolimari.cl\/index.php?rest_route=\/wp\/v2\/posts\/6380\/revisions"}],"predecessor-version":[{"id":6382,"href":"https:\/\/www.radiolimari.cl\/index.php?rest_route=\/wp\/v2\/posts\/6380\/revisions\/6382"}],"wp:featuredmedia":[{"embeddable":true,"href":"https:\/\/www.radiolimari.cl\/index.php?rest_route=\/wp\/v2\/media\/6381"}],"wp:attachment":[{"href":"https:\/\/www.radiolimari.cl\/index.php?rest_route=%2Fwp%2Fv2%2Fmedia&parent=6380"}],"wp:term":[{"taxonomy":"category","embeddable":true,"href":"https:\/\/www.radiolimari.cl\/index.php?rest_route=%2Fwp%2Fv2%2Fcategories&post=6380"},{"taxonomy":"post_tag","embeddable":true,"href":"https:\/\/www.radiolimari.cl\/index.php?rest_route=%2Fwp%2Fv2%2Ftags&post=6380"}],"curies":[{"name":"wp","href":"https:\/\/api.w.org\/{rel}","templated":true}]}}