{"id":6371,"date":"2021-12-01T13:32:06","date_gmt":"2021-12-01T13:32:06","guid":{"rendered":"http:\/\/www.radiolimari.cl\/?p=6371"},"modified":"2021-12-01T13:32:06","modified_gmt":"2021-12-01T13:32:06","slug":"carta-ministra-de-agricultura-maria-emilia-undurraga-m","status":"publish","type":"post","link":"https:\/\/www.radiolimari.cl\/?p=6371","title":{"rendered":"Carta Ministra de Agricultura Mar\u00eda Emilia Undurraga M."},"content":{"rendered":"<p><a href=\"https:\/\/www.radiolimari.cl\/wp-content\/uploads\/2021\/12\/1.12-ministra-de-agricultura.jpg\"><img fetchpriority=\"high\" decoding=\"async\" class=\"alignnone size-medium wp-image-6372\" src=\"https:\/\/www.radiolimari.cl\/wp-content\/uploads\/2021\/12\/1.12-ministra-de-agricultura-300x199.jpg\" alt=\"1.12 ministra de agricultura\" width=\"300\" height=\"199\" srcset=\"https:\/\/www.radiolimari.cl\/wp-content\/uploads\/2021\/12\/1.12-ministra-de-agricultura-300x199.jpg 300w, https:\/\/www.radiolimari.cl\/wp-content\/uploads\/2021\/12\/1.12-ministra-de-agricultura-1024x682.jpg 1024w, https:\/\/www.radiolimari.cl\/wp-content\/uploads\/2021\/12\/1.12-ministra-de-agricultura.jpg 1280w\" sizes=\"(max-width: 300px) 100vw, 300px\" \/><\/a><\/p>\n<p><b style=\"color: #222222;\"><span style=\"color: black;\">EL AGUA ES ALIMENTO<\/span><\/b><!--more--><\/p>\n<p style=\"font-weight: 400; text-align: justify;\">Se\u00f1or director,<\/p>\n<p style=\"font-weight: 400; text-align: justify;\">\u00a0El problema del cambio clim\u00e1tico, y en particular la escasez h\u00eddrica, ha copado la agenda de varios medios, foros y seminarios, incluso ha sido tema de debates entre las pr\u00f3ximas autoridades. La sequ\u00eda, pas\u00f3 de ser una emergencia puntual a una condici\u00f3n estructural, planteando grandes desaf\u00edos no solo para la agricultura sino tambi\u00e9n para las distintas actividades que se desarrollan en las ciudades y en el mundo rural.<\/p>\n<p style=\"font-weight: 400; text-align: justify;\">Este nuevo escenario exige un cambio de mirada de todo el sector p\u00fablico, las empresas, las familias y las personas. Cambios que requerir\u00e1n de m\u00e1s adaptaci\u00f3n, capacidad de innovar y mayor conciencia sobre el uso de este bien tan escaso como es el agua, y tan vital no solo para beber sino tambi\u00e9n para alimentar, porque s\u00ed, el agua es alimento. Sin ella en nuestros campos no tendremos alimentos en nuestras mesas y por eso uno de los mayores retos que tenemos por delante es equilibrar sus usos, asegurando su disponibilidad para los hogares, las labores productivas y los ecosistemas.<\/p>\n<p style=\"font-weight: 400; text-align: justify;\">Por esto, desde MINAGRI y en el marco del Plan Sequ\u00eda del Gobierno, hemos declarado emergencia agr\u00edcola en 226 comunas de 9 regiones (m\u00e1s de dos tercios del total de comunas del pa\u00eds y gran parte del territorio nacional) e impulsado un plan de emergencia por m\u00e1s de $30 mil millones para 2021, mientras que en 2022 dispondremos de cerca de $155 mil millones solo para riego. Lo anterior, se suma a una serie de iniciativas interministeriales y de colaboraci\u00f3n entre actores del mundo p\u00fablico, privado, de la sociedad civil y la academia para enfrentar este futuro que est\u00e1 cada vez m\u00e1s en el presente, con acciones de largo plazo en torno a una nueva institucionalidad, gesti\u00f3n de cuencas, protecci\u00f3n de humedales y glaciares, infraestructura h\u00eddrica, fortalecimiento de organizaciones de usuarios, desalaci\u00f3n y fomento a la investigaci\u00f3n, entre otras.<\/p>\n<p style=\"font-weight: 400; text-align: justify;\">Esta semana\u00a0<strong>(mi\u00e9rcoles 1 de diciembre)<\/strong>\u00a0se votar\u00e1n las indicaciones de la Ley de Riego que hemos propuesto para asegurar la alimentaci\u00f3n de los chilenos y chilenas en los pr\u00f3ximos a\u00f1os, un proyecto que escuchando a los territorios se ha adaptado para los nuevos tiempos, posibilitando el acceso de peque\u00f1os y medianos agricultores a riego tecnificado, construcci\u00f3n y mejoramiento de obras; excluyendo del subsidio a grandes empresas; incorporando objetivos ambientales y estableciendo la posibilidad de hacer concursos especiales ante emergencias. Hago un llamado a los parlamentarios de las distintas regiones a apoyar esta Ley y seguir siendo parte de la soluci\u00f3n por el bien de la ruralidad y la seguridad alimentaria del pa\u00eds.<\/p>\n<p style=\"font-weight: 400; text-align: justify;\">\n<strong>Mar\u00eda Emilia Undurraga M.<br \/>\n<\/strong>Ministra de Agricultura<\/p>\n","protected":false},"excerpt":{"rendered":"<p>EL AGUA ES ALIMENTO<\/p>\n","protected":false},"author":2,"featured_media":6372,"comment_status":"open","ping_status":"open","sticky":false,"template":"","format":"standard","meta":{"footnotes":""},"categories":[3],"tags":[],"class_list":["post-6371","post","type-post","status-publish","format-standard","has-post-thumbnail","hentry","category-actualidad"],"_links":{"self":[{"href":"https:\/\/www.radiolimari.cl\/index.php?rest_route=\/wp\/v2\/posts\/6371","targetHints":{"allow":["GET"]}}],"collection":[{"href":"https:\/\/www.radiolimari.cl\/index.php?rest_route=\/wp\/v2\/posts"}],"about":[{"href":"https:\/\/www.radiolimari.cl\/index.php?rest_route=\/wp\/v2\/types\/post"}],"author":[{"embeddable":true,"href":"https:\/\/www.radiolimari.cl\/index.php?rest_route=\/wp\/v2\/users\/2"}],"replies":[{"embeddable":true,"href":"https:\/\/www.radiolimari.cl\/index.php?rest_route=%2Fwp%2Fv2%2Fcomments&post=6371"}],"version-history":[{"count":1,"href":"https:\/\/www.radiolimari.cl\/index.php?rest_route=\/wp\/v2\/posts\/6371\/revisions"}],"predecessor-version":[{"id":6373,"href":"https:\/\/www.radiolimari.cl\/index.php?rest_route=\/wp\/v2\/posts\/6371\/revisions\/6373"}],"wp:featuredmedia":[{"embeddable":true,"href":"https:\/\/www.radiolimari.cl\/index.php?rest_route=\/wp\/v2\/media\/6372"}],"wp:attachment":[{"href":"https:\/\/www.radiolimari.cl\/index.php?rest_route=%2Fwp%2Fv2%2Fmedia&parent=6371"}],"wp:term":[{"taxonomy":"category","embeddable":true,"href":"https:\/\/www.radiolimari.cl\/index.php?rest_route=%2Fwp%2Fv2%2Fcategories&post=6371"},{"taxonomy":"post_tag","embeddable":true,"href":"https:\/\/www.radiolimari.cl\/index.php?rest_route=%2Fwp%2Fv2%2Ftags&post=6371"}],"curies":[{"name":"wp","href":"https:\/\/api.w.org\/{rel}","templated":true}]}}