{"id":6350,"date":"2021-11-30T12:42:49","date_gmt":"2021-11-30T12:42:49","guid":{"rendered":"http:\/\/www.radiolimari.cl\/?p=6350"},"modified":"2021-11-30T12:44:54","modified_gmt":"2021-11-30T12:44:54","slug":"corte-de-la-serena-confirma-fallo-que-condeno-a-penas-de-presidio-efectivo-a-autores-de-doble-homicidio-en-villa-los-naranjos","status":"publish","type":"post","link":"https:\/\/www.radiolimari.cl\/?p=6350","title":{"rendered":"Corte de La Serena confirma fallo que conden\u00f3 a penas de presidio efectivo a autores de doble homicidio en Villa Los Naranjos"},"content":{"rendered":"<p><a href=\"https:\/\/www.radiolimari.cl\/wp-content\/uploads\/2021\/11\/30.11-Segunda-Sala-CALS.jpg\"><img fetchpriority=\"high\" decoding=\"async\" class=\"alignnone size-medium wp-image-6351\" src=\"https:\/\/www.radiolimari.cl\/wp-content\/uploads\/2021\/11\/30.11-Segunda-Sala-CALS-168x300.jpg\" alt=\"30.11 Segunda Sala CALS\" width=\"168\" height=\"300\" srcset=\"https:\/\/www.radiolimari.cl\/wp-content\/uploads\/2021\/11\/30.11-Segunda-Sala-CALS-168x300.jpg 168w, https:\/\/www.radiolimari.cl\/wp-content\/uploads\/2021\/11\/30.11-Segunda-Sala-CALS-576x1024.jpg 576w\" sizes=\"(max-width: 168px) 100vw, 168px\" \/><\/a><\/p>\n<p>En fallo un\u00e1nime (causa rol 1.223-2021), la Segunda Sala del tribunal de alzada \u2013integrada por los ministros Caroline Turner Gonz\u00e1lez, Iv\u00e1n Corona Albornoz y la abogada integrante Elvira Badilla Poblete\u2013 desestim\u00f3 la pretensi\u00f3n de las defensas en cuanto solicitaban la invalidaci\u00f3n del juicio oral y del fallo recurrido, ordenando la remisi\u00f3n de los antecedentes al tribunal no inhabilitado correspondiente, para la realizaci\u00f3n de un nuevo juicio oral.<\/p>\n<p><!--more--><\/p>\n<p>La Corte de Apelaciones de La Serena rechaz\u00f3 este lunes de noviembre el recurso de nulidad presentado por las defensas de Carlos Andr\u00e9s Parra Villalobos, Luis Alejandro Gallardo Pizarro, Francisco Javier Araya Sandoval, Fredy Alejandro Seura M\u00e1nquez y E.B.M.M, en contra de la sentencia que los conden\u00f3 a penas efectivas de c\u00e1rcel en calidad de autores de dos delitos consumados de homicidio calificado. Il\u00edcitos perpetrados en febrero del a\u00f1o pasado, en la comuna de Ovalle.<\/p>\n<p>En fallo un\u00e1nime (causa rol 1.223-2021), la Segunda Sala del tribunal de alzada \u2013integrada por los ministros Caroline Turner Gonz\u00e1lez, Iv\u00e1n Corona Albornoz y la abogada integrante Elvira Badilla Poblete\u2013 desestim\u00f3 la pretensi\u00f3n de las defensas en cuanto solicitaban la invalidaci\u00f3n del juicio oral y del fallo recurrido, ordenando la remisi\u00f3n de los antecedentes al tribunal no inhabilitado correspondiente, para la realizaci\u00f3n de un nuevo juicio oral.<\/p>\n<p>\u201cQue, en consecuencia por todo lo expuesto en los motivos precedentes, estos sentenciadores estiman que la sentencia impugnada cumple con los requisitos del art\u00edculo 342, letra c) del C\u00f3digo Procesal Penal en relaci\u00f3n con el art\u00edculo 297 del mismo cuerpo normativo, por tanto, el vicio de nulidad absoluta invocada por los recurrentes no se ha configurado; que lo mismo debe decirse de la causal subsidiaria de nulidad alegada en estos autos consistente en infracci\u00f3n de ley, (\u2026)\u00a0 llevando a que los recursos de nulidad sean desestimado como se dir\u00e1\u201d, sostiene el fallo.<\/p>\n<p>\u201cPor estas consideraciones (\u2026) se RECHAZAN, sin costas los recursos de nulidad (\u2026)\u00a0 en contra de la sentencia definitiva dictada por el Tribunal de Juicio Oral en lo Penal de Ovalle con fecha uno de octubre de dos mil veintiuno, declar\u00e1ndose que dicha sentencia no es nula, como tampoco lo es el juicio que la precede\u201d, concluye.<\/p>\n<p><strong>Los hechos<\/strong><\/p>\n<p>El Tribunal de Juicio Oral en lo Penal de Ovalle dio por acreditado en fallo un\u00e1nime (causa rol 1-2021), m\u00e1s all\u00e1 de toda duda razonable, que alrededor de las 11:55 horas del 3 de febrero de 2020, \u201cen el pasaje Gustavo Olivares, comuna de Ovalle, Francisco Javier Araya Sandova y Fredy Alejandro Seura M\u00e1nquez, quien se movilizaba a bordo de una bicicleta y provisto de un arma de fuego calibre 9 mil\u00edmetros, procedi\u00f3 a efectuar m\u00faltiples disparos en contra del veh\u00edculo (\u2026) de propiedad de la v\u00edctima(\u2026), ocasion\u00e1ndole da\u00f1os en la parte posterior, frontal, laterales y en los focos y parabrisas delantero y trasero por impactos bal\u00edsticos, da\u00f1os avaluados en la suma de $2.000.000\u201d.<\/p>\n<p>&nbsp;<\/p>\n<p>En tanto, aproximadamente a las 22:45 horas del 21 de febrero de 2020, \u201cen circunstancias que las v\u00edctimas (\u2026), de 15 a\u00f1os de edad, y (\u2026) , de 16 a\u00f1os de edad, se trasladaban por diversas calles de la comuna de Ovalle, en el veh\u00edculo (\u2026), arribando a la calle Los Olmos frente a una plazoleta ubicada en el lugar casi en la intersecci\u00f3n con Los Casta\u00f1os, sector denominado El Crucero del Amor, villa Los Naranjos, comuna de Ovalle, donde se estacionaron y detuvieron y estando sentados respectivamente en los asientos del conductor y copiloto, de forma previamente concertada, con\u00a0 premeditaci\u00f3n y provistos de armas de fuego para efectos de efectuarles una emboscada y asesinarlos, fueron seguidos en el trayecto previo por 3 veh\u00edculos: un veh\u00edculo tipo autom\u00f3vil marca BMW, en que se movilizaba el imputado Carlos Andr\u00e9s Parra Villalobos conjuntamente con el testigo (\u2026), un veh\u00edculo tipo autom\u00f3vil en que se movilizaba el imputado Luis Alejandro Gallardo Pizarro y un \u00faltimo veh\u00edculo tipo autom\u00f3vil marca Hyundai modelo Veloster de color blanco en que se movilizaban los imputados Francisco Javier Araya Sandova (conductor), y Fredy Alejandro Seura M\u00e1nquez\u00a0 (copiloto) y E.B.M.M., (asientos traseros), posicion\u00e1ndose y deteni\u00e9ndose los veh\u00edculos referidos, situ\u00e1ndose detr\u00e1s de la camioneta de las v\u00edctimas el Hyundai Veloster mencionado, descendiendo los imputados Francisco Javier Araya Sandova y Fredy Alejandro Seura M\u00e1nquez y posicion\u00e1ndose por los costados de la citada camioneta, procediendo a efectuar ambos m\u00faltiples disparos en contra de las v\u00edctimas con sus respectivas armas de fuego, calibre 9 mil\u00edmetros, todo ello mientras los imputados Carlos Andr\u00e9s Parra Villalobos, Luis Alejandro Gallardo Pizarro y E.B.M.M. les prestaban cobertura y protecci\u00f3n desde los veh\u00edculos en que se movilizaban para llevar a cabo su acci\u00f3n homicida, para, una vez terminado su cometido\u201d, abordar el veh\u00edculo en que se movilizaban, d\u00e1ndose a la fuga del lugar.<\/p>\n<p>Las v\u00edctimas fueron trasladadas por testigos de los hechos al Hospital de Ovalle, centro asistencial en que fallecieron debido a las m\u00faltiples heridas por impactos de bala.<\/p>\n<p>&nbsp;<\/p>\n","protected":false},"excerpt":{"rendered":"<p>En fallo un\u00e1nime (causa rol 1.223-2021), la Segunda Sala del tribunal de alzada \u2013integrada por los ministros Caroline Turner Gonz\u00e1lez, Iv\u00e1n Corona Albornoz y la abogada integrante Elvira Badilla Poblete\u2013 desestim\u00f3 la pretensi\u00f3n de las defensas en cuanto solicitaban la invalidaci\u00f3n del juicio oral y del fallo recurrido, ordenando la remisi\u00f3n de los antecedentes al &#8230;<\/p>\n","protected":false},"author":2,"featured_media":6351,"comment_status":"open","ping_status":"open","sticky":false,"template":"","format":"standard","meta":{"footnotes":""},"categories":[3],"tags":[],"class_list":["post-6350","post","type-post","status-publish","format-standard","has-post-thumbnail","hentry","category-actualidad"],"_links":{"self":[{"href":"https:\/\/www.radiolimari.cl\/index.php?rest_route=\/wp\/v2\/posts\/6350","targetHints":{"allow":["GET"]}}],"collection":[{"href":"https:\/\/www.radiolimari.cl\/index.php?rest_route=\/wp\/v2\/posts"}],"about":[{"href":"https:\/\/www.radiolimari.cl\/index.php?rest_route=\/wp\/v2\/types\/post"}],"author":[{"embeddable":true,"href":"https:\/\/www.radiolimari.cl\/index.php?rest_route=\/wp\/v2\/users\/2"}],"replies":[{"embeddable":true,"href":"https:\/\/www.radiolimari.cl\/index.php?rest_route=%2Fwp%2Fv2%2Fcomments&post=6350"}],"version-history":[{"count":3,"href":"https:\/\/www.radiolimari.cl\/index.php?rest_route=\/wp\/v2\/posts\/6350\/revisions"}],"predecessor-version":[{"id":6354,"href":"https:\/\/www.radiolimari.cl\/index.php?rest_route=\/wp\/v2\/posts\/6350\/revisions\/6354"}],"wp:featuredmedia":[{"embeddable":true,"href":"https:\/\/www.radiolimari.cl\/index.php?rest_route=\/wp\/v2\/media\/6351"}],"wp:attachment":[{"href":"https:\/\/www.radiolimari.cl\/index.php?rest_route=%2Fwp%2Fv2%2Fmedia&parent=6350"}],"wp:term":[{"taxonomy":"category","embeddable":true,"href":"https:\/\/www.radiolimari.cl\/index.php?rest_route=%2Fwp%2Fv2%2Fcategories&post=6350"},{"taxonomy":"post_tag","embeddable":true,"href":"https:\/\/www.radiolimari.cl\/index.php?rest_route=%2Fwp%2Fv2%2Ftags&post=6350"}],"curies":[{"name":"wp","href":"https:\/\/api.w.org\/{rel}","templated":true}]}}