{"id":6341,"date":"2021-11-29T13:46:39","date_gmt":"2021-11-29T13:46:39","guid":{"rendered":"http:\/\/www.radiolimari.cl\/?p=6341"},"modified":"2021-11-29T13:46:39","modified_gmt":"2021-11-29T13:46:39","slug":"en-la-plaza-de-armas-de-ovalle-se-realizo-la-segunda-version-de-la-expo-emergencia","status":"publish","type":"post","link":"https:\/\/www.radiolimari.cl\/?p=6341","title":{"rendered":"En la Plaza de armas de Ovalle se realiz\u00f3 la segunda versi\u00f3n de la Expo Emergencia"},"content":{"rendered":"<p><a href=\"https:\/\/www.radiolimari.cl\/wp-content\/uploads\/2021\/11\/29.11-Expo-Emergencias-2021-2.jpg\"><img fetchpriority=\"high\" decoding=\"async\" class=\"alignnone size-medium wp-image-6342\" src=\"https:\/\/www.radiolimari.cl\/wp-content\/uploads\/2021\/11\/29.11-Expo-Emergencias-2021-2-300x200.jpg\" alt=\"29.11 Expo Emergencias 2021 (2)\" width=\"300\" height=\"200\" srcset=\"https:\/\/www.radiolimari.cl\/wp-content\/uploads\/2021\/11\/29.11-Expo-Emergencias-2021-2-300x200.jpg 300w, https:\/\/www.radiolimari.cl\/wp-content\/uploads\/2021\/11\/29.11-Expo-Emergencias-2021-2-1024x682.jpg 1024w, https:\/\/www.radiolimari.cl\/wp-content\/uploads\/2021\/11\/29.11-Expo-Emergencias-2021-2.jpg 1620w\" sizes=\"(max-width: 300px) 100vw, 300px\" \/><\/a><\/p>\n<p><strong><em>Diversas instituciones participaron de esta muestra, organizada por la Oficina de Protecci\u00f3n Civil y de Emergencias del municipio de Ovalle, que se realiz\u00f3 en la plaza de armas, con el objetivo de mostrarle a la comunidad el trabajo que realiza el personal de Salud, el Cuerpo de Bomberos, Carabineros, CONAF y tambi\u00e9n para capacitar a las familias locales, sobre las formas correctas de enfrentar eventos de emergencias.\u00a0 <\/em><\/strong><!--more--><\/p>\n<p>Una gran afluencia de p\u00fablico tuvo la segunda versi\u00f3n de la Expo Emergencia, que se realiz\u00f3 en la plaza de armas de Ovalle. El evento, organizado por la Oficina de Protecci\u00f3n Civil y Emergencias del municipio local, congreg\u00f3 a importantes instituciones, quienes pudieron dar a conocer su trabajo y tambi\u00e9n ense\u00f1arles a los vecinos las formas correctas de enfrentar una emergencia, como accidentes, incendios, entre otros eventos de alto impacto.<\/p>\n<p>En esta ocasi\u00f3n, estuvo presente la Secci\u00f3n de Investigaci\u00f3n de Accidentes de Tr\u00e1nsito (SIAT) y el Grupo de Operaciones Policiales Especiales (GOPE) de Carabineros, brigadistas de la Corporaci\u00f3n Nacional Forestal (CONAF), voluntarios del Cuerpo de Bomberos de Ovalle y profesionales del departamento de Salud del municipio de Ovalle. A esto, se sum\u00f3 personal de la Oficina de Protecci\u00f3n Civil y Emergencia y la Oficina de Seguridad P\u00fablica del municipio local.<\/p>\n<p>El principal objetivo es \u201ces dar a conocer cada una de las labores esenciales que cumplen las instituciones vinculadas con el \u00e1rea de emergencias y sensibilizar a la poblaci\u00f3n, para estar preparados frente a un evento de alta magnitud, porque las buenas decisiones en los primeros minutos son esenciales para cuidar la integridad f\u00edsica de las personas, que est\u00e1n siendo v\u00edctimas en esos momentos\u201d afirm\u00f3 la encargada de la Oficina de Protecci\u00f3n Civil y Emergencias del municipio de Ovalle, Lorna Benavides.<\/p>\n<p>Dentro de las ideas de la organizaci\u00f3n, est\u00e1 el hecho de que la comuna de Ovalle est\u00e9 preparada ante cualquier tipo de cat\u00e1strofes y a la vez capacitar a la comunidad en materia de prevenci\u00f3n de este tipo de situaciones extremas. \u201cEs la segunda Expo Emergencia que impulsamos y es muy importante que nuestra comunidad conozca la preparaci\u00f3n que tiene el personal que asiste y apoya en hechos de emergencia, como el personal de Salud, el Cuerpo de Bomberos, Carabineros. Asimismo, creo que es una instancia para aprender a enfrentar estas situaciones de la mejor forma posible\u201d indic\u00f3 el alcalde de Ovalle, Claudio Renter\u00eda.<\/p>\n<p>Carabineros, a trav\u00e9s de la SIAT dio a conocer la labor que cumplen en materia de accidentes de tr\u00e1nsito y el GOPE entreg\u00f3 informaci\u00f3n de su intervenci\u00f3n en materia de emergencia, que apunta, principalmente, al rescate de personas. Asimismo, el Cuerpo de Bomberos mostr\u00f3 la amplia implementaci\u00f3n con la que cuentan para asistir a incendios de propiedades, accidentes y apoya a CONAF en los incendios forestales. En tanto, funcionarios del departamento de Salud Municipal explicaron el funcionamiento de sus equipos y entregaron algunos \u201ctips\u201d sobre el proceso de reanimaci\u00f3n de las personas, previo a la llegada de profesionales de la Salud.<\/p>\n","protected":false},"excerpt":{"rendered":"<p>Diversas instituciones participaron de esta muestra, organizada por la Oficina de Protecci\u00f3n Civil y de Emergencias del municipio de Ovalle, que se realiz\u00f3 en la plaza de armas, con el objetivo de mostrarle a la comunidad el trabajo que realiza el personal de Salud, el Cuerpo de Bomberos, Carabineros, CONAF y tambi\u00e9n para capacitar a &#8230;<\/p>\n","protected":false},"author":2,"featured_media":6342,"comment_status":"open","ping_status":"open","sticky":false,"template":"","format":"standard","meta":{"footnotes":""},"categories":[3],"tags":[],"class_list":["post-6341","post","type-post","status-publish","format-standard","has-post-thumbnail","hentry","category-actualidad"],"_links":{"self":[{"href":"https:\/\/www.radiolimari.cl\/index.php?rest_route=\/wp\/v2\/posts\/6341","targetHints":{"allow":["GET"]}}],"collection":[{"href":"https:\/\/www.radiolimari.cl\/index.php?rest_route=\/wp\/v2\/posts"}],"about":[{"href":"https:\/\/www.radiolimari.cl\/index.php?rest_route=\/wp\/v2\/types\/post"}],"author":[{"embeddable":true,"href":"https:\/\/www.radiolimari.cl\/index.php?rest_route=\/wp\/v2\/users\/2"}],"replies":[{"embeddable":true,"href":"https:\/\/www.radiolimari.cl\/index.php?rest_route=%2Fwp%2Fv2%2Fcomments&post=6341"}],"version-history":[{"count":1,"href":"https:\/\/www.radiolimari.cl\/index.php?rest_route=\/wp\/v2\/posts\/6341\/revisions"}],"predecessor-version":[{"id":6343,"href":"https:\/\/www.radiolimari.cl\/index.php?rest_route=\/wp\/v2\/posts\/6341\/revisions\/6343"}],"wp:featuredmedia":[{"embeddable":true,"href":"https:\/\/www.radiolimari.cl\/index.php?rest_route=\/wp\/v2\/media\/6342"}],"wp:attachment":[{"href":"https:\/\/www.radiolimari.cl\/index.php?rest_route=%2Fwp%2Fv2%2Fmedia&parent=6341"}],"wp:term":[{"taxonomy":"category","embeddable":true,"href":"https:\/\/www.radiolimari.cl\/index.php?rest_route=%2Fwp%2Fv2%2Fcategories&post=6341"},{"taxonomy":"post_tag","embeddable":true,"href":"https:\/\/www.radiolimari.cl\/index.php?rest_route=%2Fwp%2Fv2%2Ftags&post=6341"}],"curies":[{"name":"wp","href":"https:\/\/api.w.org\/{rel}","templated":true}]}}