{"id":6334,"date":"2021-11-29T12:54:27","date_gmt":"2021-11-29T12:54:27","guid":{"rendered":"http:\/\/www.radiolimari.cl\/?p=6334"},"modified":"2021-11-29T12:54:27","modified_gmt":"2021-11-29T12:54:27","slug":"programa-mi-abogado-suma-nuevos-profesionales-y-amplia-cobertura-para-representacion-a-ninos-ninas-y-adolescentes-en-la-region","status":"publish","type":"post","link":"https:\/\/www.radiolimari.cl\/?p=6334","title":{"rendered":"Programa Mi Abogado suma nuevos profesionales y ampl\u00eda cobertura para representaci\u00f3n a ni\u00f1os, ni\u00f1as y adolescentes en la regi\u00f3n"},"content":{"rendered":"<p><a href=\"https:\/\/www.radiolimari.cl\/wp-content\/uploads\/2021\/11\/29.11-PMA-COQUIMBO-1.jpeg\"><img fetchpriority=\"high\" decoding=\"async\" class=\"alignnone size-medium wp-image-6335\" src=\"https:\/\/www.radiolimari.cl\/wp-content\/uploads\/2021\/11\/29.11-PMA-COQUIMBO-1-300x268.jpeg\" alt=\"29.11 PMA COQUIMBO 1\" width=\"300\" height=\"268\" srcset=\"https:\/\/www.radiolimari.cl\/wp-content\/uploads\/2021\/11\/29.11-PMA-COQUIMBO-1-300x268.jpeg 300w, https:\/\/www.radiolimari.cl\/wp-content\/uploads\/2021\/11\/29.11-PMA-COQUIMBO-1-1024x917.jpeg 1024w, https:\/\/www.radiolimari.cl\/wp-content\/uploads\/2021\/11\/29.11-PMA-COQUIMBO-1.jpeg 1600w\" sizes=\"(max-width: 300px) 100vw, 300px\" \/><\/a><\/p>\n<p><em>Con esta medida, el Programa Mi Abogado (PMA) de la <strong>Corporaci\u00f3n de Asistencia Judicial<\/strong> CAJVAL, ampli\u00f3 su atenci\u00f3n de \u00a0ni\u00f1os, ni\u00f1as y adolescentes vulnerados.<\/em><!--more--><\/p>\n<p>A partir del segundo semestre de este a\u00f1o y a un a\u00f1o de su puesta en marcha en la regi\u00f3n, el Programa Mi Abogado (PMA) de la Corporaci\u00f3n de Asistencia Judicial en la regi\u00f3n de Coquimbo, sum\u00f3 nuevos profesionales a su equipo de abogados, trabajadores sociales y psic\u00f3logos, que permitir\u00e1n ampliar la cobertura de atenci\u00f3n de esta unidad especializada, encargada de llevar a cabo la defensa jur\u00eddica, independiente e interdisciplinaria de Ni\u00f1os, Ni\u00f1as y Adolescentes bajo modalidad de cuidado alternativo y en programas ambulatorios ante tribunales con competencia de familia y penal y fiscal\u00edas.<\/p>\n<p>As\u00ed, el Programa Mi Abogado de Coquimbo qued\u00f3 conformado por 8 abogados(as), 3 trabajadores(as) sociales, 3 psic\u00f3logos(as), adem\u00e1s de un t\u00e9cnico jur\u00eddico, una secretaria, una profesional de apoyo administrativo y un coordinador regional, el abogado Juan Pablo Segovia Flores.<\/p>\n<p>El nuevo equipo fue presentado en una jornada encabezada por la\u00a0 Seremi de Justicia y Derechos Humanos, Sara Contreras y el director regional de la Corporaci\u00f3n de Asistencia Judicial, Marcos L\u00f3pez.<\/p>\n<p>En la ocasi\u00f3n, la Seremi de Justicia\u00a0 indic\u00f3 que \u201cel programa Mi Abogado est\u00e1 asumiendo un desaf\u00edo importante en nuestra regi\u00f3n, que es seguir trabajando por la infancia y adolescencia vulnerada, al asumir la representaci\u00f3n jur\u00eddica especializada de los ni\u00f1os, ni\u00f1as y adolescentes que se encuentran en alg\u00fan tipo de modalidad o cuidado alternativo. Como cartera continuaremos trabajando, a trav\u00e9s de la Corporaci\u00f3n de Asistencia Judicial, para prestar un servicio interdisciplinario que garantice el ejercicio de sus derechos de manera cercana y personal\u201d.<\/p>\n<p>Por su parte, el director regional de la Corporaci\u00f3n destac\u00f3 que \u201cla incorporaci\u00f3n de los nuevos funcionarios al interior del Programa Mi Abogado viene en fortalecer el trabajo interdisciplinario y a su vez favorecer a\u00fan m\u00e1s la especializaci\u00f3n en favor de nuestros ni\u00f1os, ni\u00f1as y adolescentes, por lo que estamos optimistas en que este nuevo equipo reforzado ser\u00e1 un gran aporte en nuestra regi\u00f3n\u201d.<\/p>\n<p>Para el coordinador regional del PMA Coquimbo, el desaf\u00edo para esta nueva etapa es \u201cseguir afianz\u00e1ndose como un referente en lo relativo a la representaci\u00f3n especializada e interdisciplinaria de ni\u00f1os, ni\u00f1as y adolescentes, en orden a velar por el resguardo y garant\u00eda de sus derechos de manera integral, fundamentalmente para que vean restituido su derecho a vivir en familia o, en su caso, adoptar todas las acciones tendientes a evitar que se vean privado de aquel\u201d.<\/p>\n<p>Actualmente, el Programa Mi Abogado de Coquimbo otorga atenci\u00f3n especializada e interdisciplinaria a 605 ni\u00f1os, ni\u00f1as y adolescentes que se encuentran en alguna medida de cuidado alternativo o medida de protecci\u00f3n de car\u00e1cter ambulatorio,<\/p>\n","protected":false},"excerpt":{"rendered":"<p>Con esta medida, el Programa Mi Abogado (PMA) de la Corporaci\u00f3n de Asistencia Judicial CAJVAL, ampli\u00f3 su atenci\u00f3n de \u00a0ni\u00f1os, ni\u00f1as y adolescentes vulnerados.<\/p>\n","protected":false},"author":2,"featured_media":6335,"comment_status":"open","ping_status":"open","sticky":false,"template":"","format":"standard","meta":{"footnotes":""},"categories":[6],"tags":[],"class_list":["post-6334","post","type-post","status-publish","format-standard","has-post-thumbnail","hentry","category-regionales"],"_links":{"self":[{"href":"https:\/\/www.radiolimari.cl\/index.php?rest_route=\/wp\/v2\/posts\/6334","targetHints":{"allow":["GET"]}}],"collection":[{"href":"https:\/\/www.radiolimari.cl\/index.php?rest_route=\/wp\/v2\/posts"}],"about":[{"href":"https:\/\/www.radiolimari.cl\/index.php?rest_route=\/wp\/v2\/types\/post"}],"author":[{"embeddable":true,"href":"https:\/\/www.radiolimari.cl\/index.php?rest_route=\/wp\/v2\/users\/2"}],"replies":[{"embeddable":true,"href":"https:\/\/www.radiolimari.cl\/index.php?rest_route=%2Fwp%2Fv2%2Fcomments&post=6334"}],"version-history":[{"count":1,"href":"https:\/\/www.radiolimari.cl\/index.php?rest_route=\/wp\/v2\/posts\/6334\/revisions"}],"predecessor-version":[{"id":6336,"href":"https:\/\/www.radiolimari.cl\/index.php?rest_route=\/wp\/v2\/posts\/6334\/revisions\/6336"}],"wp:featuredmedia":[{"embeddable":true,"href":"https:\/\/www.radiolimari.cl\/index.php?rest_route=\/wp\/v2\/media\/6335"}],"wp:attachment":[{"href":"https:\/\/www.radiolimari.cl\/index.php?rest_route=%2Fwp%2Fv2%2Fmedia&parent=6334"}],"wp:term":[{"taxonomy":"category","embeddable":true,"href":"https:\/\/www.radiolimari.cl\/index.php?rest_route=%2Fwp%2Fv2%2Fcategories&post=6334"},{"taxonomy":"post_tag","embeddable":true,"href":"https:\/\/www.radiolimari.cl\/index.php?rest_route=%2Fwp%2Fv2%2Ftags&post=6334"}],"curies":[{"name":"wp","href":"https:\/\/api.w.org\/{rel}","templated":true}]}}