{"id":6331,"date":"2021-11-29T12:04:05","date_gmt":"2021-11-29T12:04:05","guid":{"rendered":"http:\/\/www.radiolimari.cl\/?p=6331"},"modified":"2021-11-29T12:04:05","modified_gmt":"2021-11-29T12:04:05","slug":"proyecto-de-nuevo-centro-de-salud-familiar-de-caren-obtiene-su-recomendacion-satisfactoria","status":"publish","type":"post","link":"https:\/\/www.radiolimari.cl\/?p=6331","title":{"rendered":"Proyecto de nuevo Centro de Salud Familiar de Car\u00e9n obtiene su Recomendaci\u00f3n Satisfactoria"},"content":{"rendered":"<p><a href=\"https:\/\/www.radiolimari.cl\/wp-content\/uploads\/2021\/11\/29.11-cesfam-caren.jpeg\"><img fetchpriority=\"high\" decoding=\"async\" class=\"alignnone size-medium wp-image-6332\" src=\"https:\/\/www.radiolimari.cl\/wp-content\/uploads\/2021\/11\/29.11-cesfam-caren-300x168.jpeg\" alt=\"29.11 cesfam caren\" width=\"300\" height=\"168\" srcset=\"https:\/\/www.radiolimari.cl\/wp-content\/uploads\/2021\/11\/29.11-cesfam-caren-300x168.jpeg 300w, https:\/\/www.radiolimari.cl\/wp-content\/uploads\/2021\/11\/29.11-cesfam-caren-1024x575.jpeg 1024w, https:\/\/www.radiolimari.cl\/wp-content\/uploads\/2021\/11\/29.11-cesfam-caren.jpeg 1599w\" sizes=\"(max-width: 300px) 100vw, 300px\" \/><\/a><\/p>\n<p><strong>Centro de Salud Familiar de Car\u00e9n obtiene su Recomendaci\u00f3n Satisfactoria<\/strong><!--more--><\/p>\n<p>El nuevo CESFAM para la localidad de Car\u00e9n, en Monte Patria, representa una de las obras m\u00e1s esperadas para la comuna.<\/p>\n<p>Se trata de un proyecto que brindar\u00e1 de una infraestructura totalmente remozada para la atenci\u00f3n de sus poco m\u00e1s de 6 mil usuarios y que tras diversos procesos administrativos ha conseguido su ansiado RS (Recomendaci\u00f3n Satisfactoria).<\/p>\n<p>As\u00ed lo confirm\u00f3 el Delegado Presidencial Ignacio. <strong>\u201cEsta es una gran noticia para Monte Patria que nos llega en d\u00edas muy sensibles, por la partida de nuestro Director de Salud, Edgardo Gonz\u00e1lez, por eso esto nos llena de esperanza, entusiasmo y optimismo, porque en el Gobierno del Presidente Sebasti\u00e1n Pi\u00f1era hemos impulsado la transformaci\u00f3n m\u00e1s profunda y m\u00e1s grande para la salud p\u00fablica de la Regi\u00f3n de Coquimbo y los nuevos hospitales y los CESFAM, son parte de la infraestructura que tendremos a disposici\u00f3n de los vecinos\u201d<\/strong>, dijo la autoridad.<\/p>\n<p>Noticia que destac\u00f3 el Alcalde de Monte Patria, Cristian Herrera, quien manifest\u00f3 que <strong>\u201crecibimos la informaci\u00f3n de parte de la Delegaci\u00f3n Presidencial y del Gobierno Regional (..) Hoy las condiciones del CESFAM no est\u00e1n acordes con los tiempos en que vivimos. Esta es una noticia que viene a entregar dignidad, es una mejora para los servicios que reciben. Estamos felices y esperamos que se cumpla el cronograma de trabajo\u201d<\/strong>.<\/p>\n<p>Ya con su RS, el proyecto est\u00e1 en condiciones de ser adjudicado una vez que Contralor\u00eda concrete la tome raz\u00f3n durante las pr\u00f3ximas semanas, para luego comenzar las obras durante el verano del 2022.<\/p>\n<p><strong>\u201cEstamos muy contentos porque este proyecto hab\u00eda tenido muchas dificultades y gracias al compromiso de los profesionales de la Direcci\u00f3n de Arquitectura del Ministerio de Obras P\u00fablicas, del Gobierno Regional y del municipio de Monte Patria lo hemos podido empujar para salir adelante. Esa es la forma que debemos avanzar en el futuro para responder a las necesidades de las personas de nuestra regi\u00f3n, anteponiendo siempre a la gente por sobre cualquier diferencia\u201d<\/strong>, indic\u00f3 el Delegado Pinto.<\/p>\n<p>Mientras que el Alcalde Herrera, acot\u00f3 que <strong>\u201cfelicito al equipo de trabajo del municipio por responder a todas las observaciones, agradecer al apoyo pol\u00edtico de la Gobernadora y del Delegado Pinto. Esta nueva construcci\u00f3n demuestra que el trabajo conjunto, sin miramiento pol\u00edtico, da resultado y deriva en una noticia importante para todos los vecinos\u201d<\/strong>.<\/p>\n<p>&nbsp;<\/p>\n<p><strong>DETALLES DEL PROYECTO.<\/strong><\/p>\n<p>Contempla la construcci\u00f3n de un edificio de 1942 mts2, con \u00e1reas de atenci\u00f3n, salas de espera, boxs ginecol\u00f3gicos, salas de trabajo grupal, de toma de muestras, estimulaci\u00f3n temprano, unidad de farmacia, entre otras dependencias.<\/p>\n<p>Inversi\u00f3n: $7.447 millones FNDR. Presupuesto considera equipamiento, consultor\u00edas y gastos administrativos.<\/p>\n","protected":false},"excerpt":{"rendered":"<p>Centro de Salud Familiar de Car\u00e9n obtiene su Recomendaci\u00f3n Satisfactoria<\/p>\n","protected":false},"author":2,"featured_media":6332,"comment_status":"open","ping_status":"open","sticky":false,"template":"","format":"standard","meta":{"footnotes":""},"categories":[5],"tags":[],"class_list":["post-6331","post","type-post","status-publish","format-standard","has-post-thumbnail","hentry","category-actualidad-limarina"],"_links":{"self":[{"href":"https:\/\/www.radiolimari.cl\/index.php?rest_route=\/wp\/v2\/posts\/6331","targetHints":{"allow":["GET"]}}],"collection":[{"href":"https:\/\/www.radiolimari.cl\/index.php?rest_route=\/wp\/v2\/posts"}],"about":[{"href":"https:\/\/www.radiolimari.cl\/index.php?rest_route=\/wp\/v2\/types\/post"}],"author":[{"embeddable":true,"href":"https:\/\/www.radiolimari.cl\/index.php?rest_route=\/wp\/v2\/users\/2"}],"replies":[{"embeddable":true,"href":"https:\/\/www.radiolimari.cl\/index.php?rest_route=%2Fwp%2Fv2%2Fcomments&post=6331"}],"version-history":[{"count":1,"href":"https:\/\/www.radiolimari.cl\/index.php?rest_route=\/wp\/v2\/posts\/6331\/revisions"}],"predecessor-version":[{"id":6333,"href":"https:\/\/www.radiolimari.cl\/index.php?rest_route=\/wp\/v2\/posts\/6331\/revisions\/6333"}],"wp:featuredmedia":[{"embeddable":true,"href":"https:\/\/www.radiolimari.cl\/index.php?rest_route=\/wp\/v2\/media\/6332"}],"wp:attachment":[{"href":"https:\/\/www.radiolimari.cl\/index.php?rest_route=%2Fwp%2Fv2%2Fmedia&parent=6331"}],"wp:term":[{"taxonomy":"category","embeddable":true,"href":"https:\/\/www.radiolimari.cl\/index.php?rest_route=%2Fwp%2Fv2%2Fcategories&post=6331"},{"taxonomy":"post_tag","embeddable":true,"href":"https:\/\/www.radiolimari.cl\/index.php?rest_route=%2Fwp%2Fv2%2Ftags&post=6331"}],"curies":[{"name":"wp","href":"https:\/\/api.w.org\/{rel}","templated":true}]}}