{"id":6325,"date":"2021-11-25T20:21:14","date_gmt":"2021-11-25T20:21:14","guid":{"rendered":"http:\/\/www.radiolimari.cl\/?p=6325"},"modified":"2021-11-25T20:21:14","modified_gmt":"2021-11-25T20:21:14","slug":"coquimbo-y-san-juan-compartieron-experiencias-e-iniciativas-sobre-manejo-de-residuos-solidos-domiciliarios","status":"publish","type":"post","link":"https:\/\/www.radiolimari.cl\/?p=6325","title":{"rendered":"Coquimbo y San Juan compartieron experiencias e iniciativas sobre manejo de residuos s\u00f3lidos domiciliarios"},"content":{"rendered":"<p><a href=\"https:\/\/www.radiolimari.cl\/wp-content\/uploads\/2021\/11\/25.11-medio-ambiente.jpg\"><img fetchpriority=\"high\" decoding=\"async\" class=\"alignnone size-medium wp-image-6326\" src=\"https:\/\/www.radiolimari.cl\/wp-content\/uploads\/2021\/11\/25.11-medio-ambiente-300x199.jpg\" alt=\"25.11 medio ambiente\" width=\"300\" height=\"199\" srcset=\"https:\/\/www.radiolimari.cl\/wp-content\/uploads\/2021\/11\/25.11-medio-ambiente-300x199.jpg 300w, https:\/\/www.radiolimari.cl\/wp-content\/uploads\/2021\/11\/25.11-medio-ambiente.jpg 800w\" sizes=\"(max-width: 300px) 100vw, 300px\" \/><\/a><\/p>\n<p>&#8211;\u00a0\u00a0\u00a0\u00a0\u00a0\u00a0 <strong>Durante la segunda jornada del Seminario Internacional de Desarrollo Sustentable y Cambio Clim\u00e1tico se abordaron iniciativas para avanzar hacia la carbononeutralidad, a trav\u00e9s de conversaciones sobre econom\u00eda circular y gesti\u00f3n de residuos s\u00f3lidos y reciclaje.<\/strong><!--more--><\/p>\n<p>Con la charla magistral de David Holmgren, co-creador de la permacultura, comenz\u00f3 la segunda jornada del Seminario Internacional de Desarrollo Sustentable y Cambio Clim\u00e1tico. Una jornada dedicada a abordar iniciativas y experiencias exitosas para avanzar hacia la carbononeutralidad.<\/p>\n<p>Una jornada en la que llam\u00f3 especial atenci\u00f3n la presentaci\u00f3n de Ra\u00fal Tello, Secretario de Estado de medio Ambiente del Gobierno de San Juan, respecto del sistema de gesti\u00f3n integral de residuos s\u00f3lidos que est\u00e1n implementando, lo que se condice con la planificaci\u00f3n que est\u00e1 impulsando la Gobernadora Regional, Krist Naranjo, para la Regi\u00f3n de Coquimbo.<\/p>\n<p><strong>\u201cEn el tema de manejo de residuos, a nosotros como Gobierno regional nos interesa fortalecer este tema, para lo que estamos haciendo una estructura de manejo de residuos en la regi\u00f3n, para lo que tambi\u00e9n debemos establecer, tambi\u00e9n, pol\u00edticas p\u00fablicas en el \u00e1rea y los exponentes de hoy nos han dado unas pautas muy certeras que funcionan, por ejemplo, en Argentina y nosotros queremos replicar estas l\u00edneas de acci\u00f3n, junto a empresarios y emprendimientos en cuanto al manejo de residuos\u201d<\/strong>, dijo la Gobernadora, quien acot\u00f3 que lo m\u00e1s importante es que se trata de establecer lineamientos que sean funcionales en el largo plazo.<\/p>\n<p>Hace 10 a\u00f1os San Juan implement\u00f3 una pol\u00edtica de trabajo de regionalizaci\u00f3n de la provincia, instalando un centro de disposici\u00f3n final de residuos en las 8 regiones, contando con 10 centros de tratamiento de residuos. En Albard\u00f3n se instal\u00f3 un punto de trasbord\u00f3, lo mismo que en Chimbas.<\/p>\n<p>Junto con esto <strong>\u201cempezamos un trabajo con todos quienes estaban en esta labor, trabajadores con un marco absolutamente desfavorable para su salud y su vida y trabajamos justamente en educaci\u00f3n, en salud, en la integraci\u00f3n y recreaci\u00f3n y los resultados fueron extraordinarios. Todas las plantas est\u00e1n funcionando, una estructura generada para la disposici\u00f3n final de los residuos, desde la provincia se tom\u00f3 la organizaci\u00f3n de esta pol\u00edtica, los municipios se adaptaron con nuestro apoyo con la entrega de equipos para hacer recolecci\u00f3n diferenciada y para poder trabajar en cada una de las plantas\u201d,<\/strong> detall\u00f3 en su presentaci\u00f3n Ra\u00fal Tello, Subsecretario de medio Ambiente del Gobierno de San Juan.<\/p>\n<p>Le sigue el desaf\u00edo de la separaci\u00f3n de residuos de generaci\u00f3n dom\u00e9stica, adem\u00e1s de residuos de generaci\u00f3n universal, como neum\u00e1ticos, bater\u00edas, l\u00e1mparas, entre otros. Un trabajo en que la educaci\u00f3n forma parte importante, trabajando con colegios, entidades p\u00fablicas, sector tur\u00edstico, y otras actividades, siempre apuntando a potenciar el concepto y la pr\u00e1ctica de la econom\u00eda circular, en un proceso que genere empleo y valor agregado, devolviendo el producto de este proceso al sistema.<\/p>\n<p>El material recuperado tras el proceso se concentra en un solo punto y es vendido a f\u00e1bricas. Un proceso en el que San Juan sigue avanzando y optimizando.<\/p>\n<p>Un tema muy relacionado con la \u00faltima exposici\u00f3n de la jornada, a cargo de Gabriela Parot y Pedro Alvarado de la Asociaci\u00f3n Gremial de Recicladores (AGRECO), cuya Vicepresidenta se\u00f1al\u00f3 que <strong>\u201cel primer mensaje que queremos dejar es que cada uno de nosotros nos hagamos responsables d ellos residuos que generamos. Si somos austeros y logramos minimizar el gasto, vamos a poder tener un mejor manejo y una mejor regi\u00f3n, con menos residuos y un menor impacto ambiental. Esta es una maravillosa regi\u00f3n, que debe ser sustentable y contar con autoridades que apoyen un manejo eficiente de los residuos\u201d.<\/strong><\/p>\n<p>Parot se refiere, por ejemplo, a municipios que se coordinen para un manejo de residuos adecuada. Respecto del manejo integrado de residuos, Parot dijo que se debe buscar un terreno donde junto a un relleno sanitario se haga gesti\u00f3n integrada, como pasa en San Juan, donde se hace educaci\u00f3n, recuperaci\u00f3n de lodos y tratamiento de residuos, entre otras cosas que pueden servir.<\/p>\n<p>Por su parte, Carlos Henr\u00edquez, investigador de CEAZA, destac\u00f3 que durante el encuentro y las ponencias se destac\u00f3 la importancia que tiene la ciencia en el desarrollo de pol\u00edticas que apunten a pasar de una econom\u00eda lineal a una econom\u00eda circular.<\/p>\n<p><strong>\u201cEl trabajo a nivel territorial es fundamental para hacer este cambio y, en el caso particular del manejo de residuos, hay que poner mayor importancia en el reciclaje, ya que, si mejoramos nuestras capacidades de reciclar, nuestros residuos pueden ser menores, aumentando las posibilidades de mejorar la infraestructura y el desarrollo de los sitios en los que se almacenan o depositan los residuos\u201d<\/strong>, finaliz\u00f3.<\/p>\n<p>Trabajar en el desarrollo de un modelo para la gesti\u00f3n de los residuos fue uno de los primeros mandatos de la Gobernadora Krist Naranjo tras asumir, en el que se esta trabajando para implementar gradualmente. Los pilares de este trabajo son la valorizaci\u00f3n del residuo como un recurso; infraestructura sostenible, a trav\u00e9s de una red de centros integrados de residuos y centros de menor escala; \u00a0\u00a0\u00a0 Educaci\u00f3n ambiental; y Gobernanza para gesti\u00f3n de residuos.<\/p>\n<p>Hoy el 99% de la basura general, mas de 360 mil toneladas al a\u00f1o, se va a un recinto de disposici\u00f3n final, como son el relleno sanitario El Panul, que ya est\u00e1 al borde de su vida \u00fatil, adem\u00e1s de 9 vertederos repartidos en distintas comunas, los que no cuentan con resoluci\u00f3n de calificaci\u00f3n ambiental. El 61% de la poblaci\u00f3n regional vierte sus desechos en El Panul.<\/p>\n","protected":false},"excerpt":{"rendered":"<p>&#8211;\u00a0\u00a0\u00a0\u00a0\u00a0\u00a0 Durante la segunda jornada del Seminario Internacional de Desarrollo Sustentable y Cambio Clim\u00e1tico se abordaron iniciativas para avanzar hacia la carbononeutralidad, a trav\u00e9s de conversaciones sobre econom\u00eda circular y gesti\u00f3n de residuos s\u00f3lidos y reciclaje.<\/p>\n","protected":false},"author":2,"featured_media":6326,"comment_status":"open","ping_status":"open","sticky":false,"template":"","format":"standard","meta":{"footnotes":""},"categories":[3],"tags":[],"class_list":["post-6325","post","type-post","status-publish","format-standard","has-post-thumbnail","hentry","category-actualidad"],"_links":{"self":[{"href":"https:\/\/www.radiolimari.cl\/index.php?rest_route=\/wp\/v2\/posts\/6325","targetHints":{"allow":["GET"]}}],"collection":[{"href":"https:\/\/www.radiolimari.cl\/index.php?rest_route=\/wp\/v2\/posts"}],"about":[{"href":"https:\/\/www.radiolimari.cl\/index.php?rest_route=\/wp\/v2\/types\/post"}],"author":[{"embeddable":true,"href":"https:\/\/www.radiolimari.cl\/index.php?rest_route=\/wp\/v2\/users\/2"}],"replies":[{"embeddable":true,"href":"https:\/\/www.radiolimari.cl\/index.php?rest_route=%2Fwp%2Fv2%2Fcomments&post=6325"}],"version-history":[{"count":1,"href":"https:\/\/www.radiolimari.cl\/index.php?rest_route=\/wp\/v2\/posts\/6325\/revisions"}],"predecessor-version":[{"id":6327,"href":"https:\/\/www.radiolimari.cl\/index.php?rest_route=\/wp\/v2\/posts\/6325\/revisions\/6327"}],"wp:featuredmedia":[{"embeddable":true,"href":"https:\/\/www.radiolimari.cl\/index.php?rest_route=\/wp\/v2\/media\/6326"}],"wp:attachment":[{"href":"https:\/\/www.radiolimari.cl\/index.php?rest_route=%2Fwp%2Fv2%2Fmedia&parent=6325"}],"wp:term":[{"taxonomy":"category","embeddable":true,"href":"https:\/\/www.radiolimari.cl\/index.php?rest_route=%2Fwp%2Fv2%2Fcategories&post=6325"},{"taxonomy":"post_tag","embeddable":true,"href":"https:\/\/www.radiolimari.cl\/index.php?rest_route=%2Fwp%2Fv2%2Ftags&post=6325"}],"curies":[{"name":"wp","href":"https:\/\/api.w.org\/{rel}","templated":true}]}}