{"id":6315,"date":"2021-11-25T18:44:30","date_gmt":"2021-11-25T18:44:30","guid":{"rendered":"http:\/\/www.radiolimari.cl\/?p=6315"},"modified":"2021-11-25T18:44:30","modified_gmt":"2021-11-25T18:44:30","slug":"en-ovalle-el-proximo-2-de-diciembre-se-encendera-el-arbol-de-navidad-natural-mas-grande-de-chile","status":"publish","type":"post","link":"https:\/\/www.radiolimari.cl\/?p=6315","title":{"rendered":"En Ovalle el pr\u00f3ximo 2 de diciembre se encender\u00e1 el \u00c1rbol de Navidad natural m\u00e1s grande de Chile"},"content":{"rendered":"<p><a href=\"https:\/\/www.radiolimari.cl\/wp-content\/uploads\/2021\/11\/25.11-Arbol-de-Navidad-de-Ovalle-3.jpg\"><img fetchpriority=\"high\" decoding=\"async\" class=\"alignnone size-medium wp-image-6317\" src=\"https:\/\/www.radiolimari.cl\/wp-content\/uploads\/2021\/11\/25.11-Arbol-de-Navidad-de-Ovalle-3-300x168.jpg\" alt=\"DCIM100MEDIADJI_0408.JPG\" width=\"300\" height=\"168\" srcset=\"https:\/\/www.radiolimari.cl\/wp-content\/uploads\/2021\/11\/25.11-Arbol-de-Navidad-de-Ovalle-3-300x168.jpg 300w, https:\/\/www.radiolimari.cl\/wp-content\/uploads\/2021\/11\/25.11-Arbol-de-Navidad-de-Ovalle-3-1024x576.jpg 1024w\" sizes=\"(max-width: 300px) 100vw, 300px\" \/><\/a><\/p>\n<p>&nbsp;<\/p>\n<p><strong><em>En la plaza de armas de Ovalle a las 21.00 horas, se llevar\u00e1 a cabo esta significativa ceremonia en la que se enciende este s\u00edmbolo de Navidad, que es reconocido a nivel nacional por sus m\u00e1s de 55 metros de altura y por sus 1.600 luces con tecnolog\u00eda LED, que permiten apreciarlos de todos los puntos de la capital limarina. <\/em><\/strong><!--more--><\/p>\n<p>Es uno de los s\u00edmbolos de Navidad y un lugar muy apreciado por las familias ovallinas y por quienes nos visitan en esta \u00e9poca del a\u00f1o. El \u00c1rbol de Navidad natural m\u00e1s grande de Chile, ubicado en la plaza de armas de Ovalle, se encender\u00e1 el pr\u00f3ximo jueves 2 de diciembre a las 21:00 horas, para que todos puedan disfrutar de su imponente imagen.<\/p>\n<p>&nbsp;<\/p>\n<p>Recordemos, que el \u00e1rbol de navidad ovallino es reconocido a nivel nacional e internacional por ser uno de los de mayor envergadura, ya que cuenta con m\u00e1s de 55 metros de altura y es adornado a\u00f1o a a\u00f1o por 1.600 luces LED, distribuidas en 20 guirnaldas de 80 ampolletas, de 5 watt cada una, lo que garantiza un alto nivel de luminosidad, bajo consumo de energ\u00eda y permiten apreciarlo desde diferentes puntos de la capital limarina.<\/p>\n<p>&nbsp;<\/p>\n<p>Profesionales del municipio de Ovalle est\u00e1n trabajando en log\u00edstica, para que se viva una jornada especial, porque muchas familias, y sobretodo los ni\u00f1os y ni\u00f1as, disfrutan y se fotograf\u00edan con el principal s\u00edmbolo de Navidad de nuestra comuna.<\/p>\n<p>&nbsp;<\/p>\n<p>Antes del encendido se realizar\u00e1 una peque\u00f1a ceremonia, donde se explicar\u00e1 la importancia que ha adquirido el \u00c1rbol de Navidad de Ovalle, ya que algunos portales internacionales de informaciones lo consideran el \u00c1rbol de Navidad natural m\u00e1s grande del mundo, e incluso hacen alusi\u00f3n a su inscripci\u00f3n en el a\u00f1o 2015 en libro de Records Guinness.<\/p>\n<p>&nbsp;<\/p>\n<p>\u201cEl encendido de nuestro querido \u00c1rbol de Navidad es una de las tradiciones m\u00e1s importantes que tenemos en la comuna, porque, adem\u00e1s, es un orgullos que Ovalle tenga el \u00c1rbol de Navidad natural m\u00e1s grande de Chile y uno de los m\u00e1s grandes del mundo\u201d sostuvo el alcalde de Ovalle, Claudio Renter\u00eda. La autoridad comunal agreg\u00f3 que este a\u00f1o \u201cno tendremos un espect\u00e1culo, porque debemos evitar la masividad y respetar los protocolos que nos exige el ministerio de Salud. De todos a quienes asistan les pedimos que respeten las normas sanitarias, como el uso de la mascarillas y el distanciamiento f\u00edsico\u201d.<\/p>\n<p>&nbsp;<\/p>\n<p>De todas formas, las personas que no puedan estar presente en esta especial ceremonia podr\u00e1n seguir la transmisi\u00f3n en vivo por el fanpage de Facebook Ilustre Municipalidad de Ovalle, a partir de las 21.00 horas<\/p>\n<p>&nbsp;<\/p>\n<p>&nbsp;<\/p>\n","protected":false},"excerpt":{"rendered":"<p>&nbsp; En la plaza de armas de Ovalle a las 21.00 horas, se llevar\u00e1 a cabo esta significativa ceremonia en la que se enciende este s\u00edmbolo de Navidad, que es reconocido a nivel nacional por sus m\u00e1s de 55 metros de altura y por sus 1.600 luces con tecnolog\u00eda LED, que permiten apreciarlos de todos &#8230;<\/p>\n","protected":false},"author":2,"featured_media":6317,"comment_status":"open","ping_status":"open","sticky":false,"template":"","format":"standard","meta":{"footnotes":""},"categories":[6],"tags":[],"class_list":["post-6315","post","type-post","status-publish","format-standard","has-post-thumbnail","hentry","category-regionales"],"_links":{"self":[{"href":"https:\/\/www.radiolimari.cl\/index.php?rest_route=\/wp\/v2\/posts\/6315","targetHints":{"allow":["GET"]}}],"collection":[{"href":"https:\/\/www.radiolimari.cl\/index.php?rest_route=\/wp\/v2\/posts"}],"about":[{"href":"https:\/\/www.radiolimari.cl\/index.php?rest_route=\/wp\/v2\/types\/post"}],"author":[{"embeddable":true,"href":"https:\/\/www.radiolimari.cl\/index.php?rest_route=\/wp\/v2\/users\/2"}],"replies":[{"embeddable":true,"href":"https:\/\/www.radiolimari.cl\/index.php?rest_route=%2Fwp%2Fv2%2Fcomments&post=6315"}],"version-history":[{"count":2,"href":"https:\/\/www.radiolimari.cl\/index.php?rest_route=\/wp\/v2\/posts\/6315\/revisions"}],"predecessor-version":[{"id":6318,"href":"https:\/\/www.radiolimari.cl\/index.php?rest_route=\/wp\/v2\/posts\/6315\/revisions\/6318"}],"wp:featuredmedia":[{"embeddable":true,"href":"https:\/\/www.radiolimari.cl\/index.php?rest_route=\/wp\/v2\/media\/6317"}],"wp:attachment":[{"href":"https:\/\/www.radiolimari.cl\/index.php?rest_route=%2Fwp%2Fv2%2Fmedia&parent=6315"}],"wp:term":[{"taxonomy":"category","embeddable":true,"href":"https:\/\/www.radiolimari.cl\/index.php?rest_route=%2Fwp%2Fv2%2Fcategories&post=6315"},{"taxonomy":"post_tag","embeddable":true,"href":"https:\/\/www.radiolimari.cl\/index.php?rest_route=%2Fwp%2Fv2%2Ftags&post=6315"}],"curies":[{"name":"wp","href":"https:\/\/api.w.org\/{rel}","templated":true}]}}