{"id":6312,"date":"2021-11-25T14:17:12","date_gmt":"2021-11-25T14:17:12","guid":{"rendered":"http:\/\/www.radiolimari.cl\/?p=6312"},"modified":"2021-11-25T14:17:12","modified_gmt":"2021-11-25T14:17:12","slug":"monte-patria-condiciones-de-hacinamiento-y-deterioro-en-el-cesfam-preocupa-a-la-comunidad-de-caren","status":"publish","type":"post","link":"https:\/\/www.radiolimari.cl\/?p=6312","title":{"rendered":"Monte Patria: Condiciones de hacinamiento y deterioro en el Cesfam preocupa a la comunidad de Car\u00e9n"},"content":{"rendered":"<p><a href=\"https:\/\/www.radiolimari.cl\/wp-content\/uploads\/2021\/11\/25.11-ESTACIONAMIENTO-USADO-COMO-SALA-DE-ESPERA.jpg\"><img fetchpriority=\"high\" decoding=\"async\" class=\"alignnone size-medium wp-image-6313\" src=\"https:\/\/www.radiolimari.cl\/wp-content\/uploads\/2021\/11\/25.11-ESTACIONAMIENTO-USADO-COMO-SALA-DE-ESPERA-300x199.jpg\" alt=\"25.11 ESTACIONAMIENTO USADO COMO SALA DE ESPERA\" width=\"300\" height=\"199\" srcset=\"https:\/\/www.radiolimari.cl\/wp-content\/uploads\/2021\/11\/25.11-ESTACIONAMIENTO-USADO-COMO-SALA-DE-ESPERA-300x199.jpg 300w, https:\/\/www.radiolimari.cl\/wp-content\/uploads\/2021\/11\/25.11-ESTACIONAMIENTO-USADO-COMO-SALA-DE-ESPERA-1024x682.jpg 1024w, https:\/\/www.radiolimari.cl\/wp-content\/uploads\/2021\/11\/25.11-ESTACIONAMIENTO-USADO-COMO-SALA-DE-ESPERA.jpg 1280w\" sizes=\"(max-width: 300px) 100vw, 300px\" \/><\/a><\/p>\n<p><em>El proyecto para un nuevo CESFAM en el R\u00edo Grande comenz\u00f3 en el 2018, donde ya no se cumpl\u00eda con los requerimientos para una atenci\u00f3n de salud de calidad. <\/em><!--more--><\/p>\n<p><em>\u00a0<\/em>Contar con un Centro de Salud Familiar que ofrezca todas las comodidades y garant\u00edas de higiene y salud, es parte del sue\u00f1o de los vecinos, vecinas y funcionarios del CESFAM de Car\u00e9n de la comuna de Monte Patria, quienes d\u00eda a d\u00eda notan los da\u00f1os de las actuales instalaciones que ya cumplieron su vida \u00fatil al servicio de la comunidad.<\/p>\n<p>Era en el a\u00f1o 2018 cuando se anunciaba con bombos y platillos la construcci\u00f3n de un nuevo CESFAM para el sector, que con una inversi\u00f3n de m\u00e1s de 5.300 millones de pesos y m\u00e1s de 1930 metros cuadrados de edificaci\u00f3n, vendr\u00edan a mejorar la calidad de atenci\u00f3n de los aproximadamente 6.000 habitantes de la comuna que dependen de este centro de salud. De esto nada se sabe, pasa el tiempo y se ve lejana la construcci\u00f3n, el terreno en lugar espera por m\u00e1quinas y el comienzo de las obras.<\/p>\n<p>Los funcionarios y funcionarias siguen atendiendo en condiciones extremas, como el caso de Aldesira Mujica, TENS encargada de Cardiovascular que atiende en una ex ducha que fue adaptada para box. <strong>\u201cEsta ducha fue habilitada para atenci\u00f3n de personas mayores, tuvimos que quitar la puerta para tener espacio para atender y tapar las ca\u00f1er\u00edas de la ducha y lavamanos que hab\u00eda aqu\u00ed para no sentir malos olores. Son p\u00e9simas e inhumanas condiciones para trabajar, por vocaci\u00f3n nos adecuamos a lo que hay\u201d <\/strong>expres\u00f3 la T\u00e9cnico en Enfermer\u00eda.<\/p>\n<p>Por su parte el Director del CESFAM, Mauricio Vargas explica la importancia de contar con una nueva infraestructura que se adecue a los tiempos actuales, a prop\u00f3sito de la crisis sanitaria que nos afecta mundialmente: <strong>\u201cEsta instituci\u00f3n tiene m\u00e1s de treinta a\u00f1os y la infraestructura ya no resiste para la cantidad de usuarios con los que contamos actualmente\u201d.<\/strong><strong>\u00a0<\/strong><\/p>\n<p>Los usuarios y usuarias del CESFAM manifiestan la necesidad de contar con un espacio adecuado para la atenci\u00f3n, puesto que hoy la calle funciona como sala de espera, no se cuenta con accesibilidad universal de acuerdo a la normativa vigente, lo que produce gran riesgo para las personas en situaci\u00f3n de discapacidad o con problemas de movilidad que vienen por su atenci\u00f3n. As\u00ed lo declara Rosa G\u00f3mez, miembro del Consejo Consultivo de Salud: \u201c<strong>Los profesionales se esfuerzan al m\u00e1ximo para brindar la mejor atenci\u00f3n a los pacientes, sin embargo, la estructura del CESFAM no acompa\u00f1a a los funcionarios(as) en la entrega de un servicio de calidad. Hemos visto como cada a\u00f1o de subdivide m\u00e1s en el Centro de Salud Familiar (\u2026) Se necesita urgentemente una infraestructura digna para Car\u00e9n\u201d.<\/strong><strong>\u00a0<\/strong><\/p>\n<p>El alcalde de la comuna de Monte Patria, Cristian Herrera Pe\u00f1a, desde que asumi\u00f3 su mandato comenz\u00f3 una serie de reuniones con autoridades regionales para priorizar este proyecto pero al no ver avance y resoluci\u00f3n definitiva, el edil realiza un nuevo llamado: <strong>\u201cEstamos conscientes de las condiciones actuales del centro de salud y asumimos la responsabilidad de priorizar este proyecto. Actualmente, hay financiamiento y una licitaci\u00f3n en marcha, pero necesitamos que las autoridades puedan dar el RS para continuar con el proceso y no perder los recursos\u201d.<\/strong><\/p>\n<p>La recomendaci\u00f3n t\u00e9cnica (RS), la cual indica que el proyecto cumple con los requisitos t\u00e9cnicos y econ\u00f3micos, permitir\u00eda financiar y ejecutar el anhelado sue\u00f1o de la comunidad de Car\u00e9n<\/p>\n","protected":false},"excerpt":{"rendered":"<p>El proyecto para un nuevo CESFAM en el R\u00edo Grande comenz\u00f3 en el 2018, donde ya no se cumpl\u00eda con los requerimientos para una atenci\u00f3n de salud de calidad.<\/p>\n","protected":false},"author":2,"featured_media":6313,"comment_status":"open","ping_status":"open","sticky":false,"template":"","format":"standard","meta":{"footnotes":""},"categories":[5],"tags":[],"class_list":["post-6312","post","type-post","status-publish","format-standard","has-post-thumbnail","hentry","category-actualidad-limarina"],"_links":{"self":[{"href":"https:\/\/www.radiolimari.cl\/index.php?rest_route=\/wp\/v2\/posts\/6312","targetHints":{"allow":["GET"]}}],"collection":[{"href":"https:\/\/www.radiolimari.cl\/index.php?rest_route=\/wp\/v2\/posts"}],"about":[{"href":"https:\/\/www.radiolimari.cl\/index.php?rest_route=\/wp\/v2\/types\/post"}],"author":[{"embeddable":true,"href":"https:\/\/www.radiolimari.cl\/index.php?rest_route=\/wp\/v2\/users\/2"}],"replies":[{"embeddable":true,"href":"https:\/\/www.radiolimari.cl\/index.php?rest_route=%2Fwp%2Fv2%2Fcomments&post=6312"}],"version-history":[{"count":1,"href":"https:\/\/www.radiolimari.cl\/index.php?rest_route=\/wp\/v2\/posts\/6312\/revisions"}],"predecessor-version":[{"id":6314,"href":"https:\/\/www.radiolimari.cl\/index.php?rest_route=\/wp\/v2\/posts\/6312\/revisions\/6314"}],"wp:featuredmedia":[{"embeddable":true,"href":"https:\/\/www.radiolimari.cl\/index.php?rest_route=\/wp\/v2\/media\/6313"}],"wp:attachment":[{"href":"https:\/\/www.radiolimari.cl\/index.php?rest_route=%2Fwp%2Fv2%2Fmedia&parent=6312"}],"wp:term":[{"taxonomy":"category","embeddable":true,"href":"https:\/\/www.radiolimari.cl\/index.php?rest_route=%2Fwp%2Fv2%2Fcategories&post=6312"},{"taxonomy":"post_tag","embeddable":true,"href":"https:\/\/www.radiolimari.cl\/index.php?rest_route=%2Fwp%2Fv2%2Ftags&post=6312"}],"curies":[{"name":"wp","href":"https:\/\/api.w.org\/{rel}","templated":true}]}}