{"id":6309,"date":"2021-11-24T20:08:03","date_gmt":"2021-11-24T20:08:03","guid":{"rendered":"http:\/\/www.radiolimari.cl\/?p=6309"},"modified":"2021-11-24T20:08:03","modified_gmt":"2021-11-24T20:08:03","slug":"el-sabado-se-inicia-oficialmente-el-segundo-torneo-comunal-de-basquetbol-en-ovalle","status":"publish","type":"post","link":"https:\/\/www.radiolimari.cl\/?p=6309","title":{"rendered":"El s\u00e1bado se inicia oficialmente  el segundo torneo comunal de B\u00e1squetbol en Ovalle"},"content":{"rendered":"<p><a href=\"https:\/\/www.radiolimari.cl\/wp-content\/uploads\/2021\/11\/24.11-B\u00e1squetbol-ok.jpg\"><img fetchpriority=\"high\" decoding=\"async\" class=\"alignnone size-medium wp-image-6310\" src=\"https:\/\/www.radiolimari.cl\/wp-content\/uploads\/2021\/11\/24.11-B\u00e1squetbol-ok-300x200.jpg\" alt=\"24.11 B\u00e1squetbol ok\" width=\"300\" height=\"200\" srcset=\"https:\/\/www.radiolimari.cl\/wp-content\/uploads\/2021\/11\/24.11-B\u00e1squetbol-ok-300x200.jpg 300w, https:\/\/www.radiolimari.cl\/wp-content\/uploads\/2021\/11\/24.11-B\u00e1squetbol-ok-1024x682.jpg 1024w\" sizes=\"(max-width: 300px) 100vw, 300px\" \/><\/a><\/p>\n<p><strong><em>El campeonato se jugar\u00e1 los d\u00edas martes y jueves, desde las 19.30 horas, en el techado del Colegio Fray Jorge y los d\u00edas s\u00e1bado en el Polideportivo \u00c1ngel Marentis Rall\u00edn, a partir de las 10.00 horas.\u00a0<\/em><\/strong><!--more--><\/p>\n<p>Tras el \u00e9xito de la primera versi\u00f3n, se iniciar\u00e1 el segundo Campeonato Comunal de B\u00e1squetbol en Ovalle, el cual contar\u00e1 con la participaci\u00f3n de 10 equipos de hombres y 2 elencos de mujeres. El certamen, organizado por el municipio local, a trav\u00e9s del departamento de Deportes y Recreaci\u00f3n, se jugar\u00e1 los d\u00edas martes y jueves, desde las 19.30 horas, en el techado del Colegio Fray Jorge y los s\u00e1bados los encuentros se disputar\u00e1n en el Polideportivo \u00c1ngel Marentis Rall\u00edn, a partir de las 10.00 horas. La jornada inaugural se realizar\u00e1 el pr\u00f3ximo s\u00e1bado 27 de noviembre, en el recinto deportivo ubicado en la poblaci\u00f3n ANFA, donde se dar\u00e1 el comienzo oficial a la iniciativa que ha tenido gran aceptaci\u00f3n en los aficionados del baloncesto.<\/p>\n<p>Los equipos que participar\u00e1n son Mirador 1, Fray Jorge, Villal\u00f3n A y Villal\u00f3n B, Cancha Rayada, poblaci\u00f3n Canihuante, El Portal, Parque Ingl\u00e9s, Camilo Mori y El Molino. En tanto, en la categor\u00eda mujeres habr\u00e1 un minitorneo entre los elencos de Llanos de San Luis y villa Los Naranjos.<\/p>\n<p>En el torneo de hombres se conformar\u00e1n 2 grupos de 5 elencos cada uno, de los cuales clasificar\u00e1n los dos primeros para jugar la etapa final, en el Cendyr Municipal en enero pr\u00f3ximo. En el caso de las mujeres, las dos escuadras jugaran una llave al mejor de 3 partidos.<\/p>\n<p>\u00abEstamos muy contentos con la respuesta que hemos tenido, tanto en el primer torneo, como en el segundo que iniciaremos oficialmente el pr\u00f3ximo s\u00e1bado. En cada jornada se juegan partidos de un alto nivel, lo que demuestra que en nuestra comuna tenemos muy buenos exponentes del B\u00e1squetbol\u00bb indic\u00f3 el encargado del departamento de Deportes y Recreaci\u00f3n del municipio de Ovalle, Claudio Rojas.<\/p>\n<p>El alcalde Claudio Renter\u00eda se\u00f1al\u00f3 que se abri\u00f3 este espacio \u00abporque queremos potenciar el b\u00e1squetbol y las dem\u00e1s disciplinas deportivas en nuestra comuna. La pandemia nos tuvo un poco restringidos, pero ahora que los \u00edndices en nuestra comuna han mejorado, podemos realizar estas actividades, obviamente cumpliendo con los protocolos indicados por la autoridad sanitaria. Esperamos que en este segundo torneo se destaque por el Fair Play y por encuentros de alto nivel, tal como la primera versi\u00f3n\u00bb.<\/p>\n<p>El pr\u00f3ximo s\u00e1bado se jugar\u00e1n los encuentros entre Cancha Rayada y poblaci\u00f3n Canihuante, Mirador I se enfrentar\u00e1 a Fray Jorge, Villal\u00f3n B versus El Portal y El Molino se medir\u00e1 con Camilo Mori.<\/p>\n<p>Al final del certamen, junto con las copas y medallas para cada lugar, el municipio de Ovalle les entregar\u00e1 implementaci\u00f3n deportiva a todos los participantes.<\/p>\n<p>El municipio conformar\u00e1 una selecci\u00f3n de B\u00e1squetbol de Ovalle, donde ya est\u00e1 coordinado un encuentro con un representativo de Combarbal\u00e1 y se planificar\u00e1 una gira por la regi\u00f3n de Coquimbo.<\/p>\n","protected":false},"excerpt":{"rendered":"<p>El campeonato se jugar\u00e1 los d\u00edas martes y jueves, desde las 19.30 horas, en el techado del Colegio Fray Jorge y los d\u00edas s\u00e1bado en el Polideportivo \u00c1ngel Marentis Rall\u00edn, a partir de las 10.00 horas.\u00a0<\/p>\n","protected":false},"author":2,"featured_media":6310,"comment_status":"open","ping_status":"open","sticky":false,"template":"","format":"standard","meta":{"footnotes":""},"categories":[5],"tags":[],"class_list":["post-6309","post","type-post","status-publish","format-standard","has-post-thumbnail","hentry","category-actualidad-limarina"],"_links":{"self":[{"href":"https:\/\/www.radiolimari.cl\/index.php?rest_route=\/wp\/v2\/posts\/6309","targetHints":{"allow":["GET"]}}],"collection":[{"href":"https:\/\/www.radiolimari.cl\/index.php?rest_route=\/wp\/v2\/posts"}],"about":[{"href":"https:\/\/www.radiolimari.cl\/index.php?rest_route=\/wp\/v2\/types\/post"}],"author":[{"embeddable":true,"href":"https:\/\/www.radiolimari.cl\/index.php?rest_route=\/wp\/v2\/users\/2"}],"replies":[{"embeddable":true,"href":"https:\/\/www.radiolimari.cl\/index.php?rest_route=%2Fwp%2Fv2%2Fcomments&post=6309"}],"version-history":[{"count":1,"href":"https:\/\/www.radiolimari.cl\/index.php?rest_route=\/wp\/v2\/posts\/6309\/revisions"}],"predecessor-version":[{"id":6311,"href":"https:\/\/www.radiolimari.cl\/index.php?rest_route=\/wp\/v2\/posts\/6309\/revisions\/6311"}],"wp:featuredmedia":[{"embeddable":true,"href":"https:\/\/www.radiolimari.cl\/index.php?rest_route=\/wp\/v2\/media\/6310"}],"wp:attachment":[{"href":"https:\/\/www.radiolimari.cl\/index.php?rest_route=%2Fwp%2Fv2%2Fmedia&parent=6309"}],"wp:term":[{"taxonomy":"category","embeddable":true,"href":"https:\/\/www.radiolimari.cl\/index.php?rest_route=%2Fwp%2Fv2%2Fcategories&post=6309"},{"taxonomy":"post_tag","embeddable":true,"href":"https:\/\/www.radiolimari.cl\/index.php?rest_route=%2Fwp%2Fv2%2Ftags&post=6309"}],"curies":[{"name":"wp","href":"https:\/\/api.w.org\/{rel}","templated":true}]}}