{"id":6306,"date":"2021-11-24T19:57:52","date_gmt":"2021-11-24T19:57:52","guid":{"rendered":"http:\/\/www.radiolimari.cl\/?p=6306"},"modified":"2021-11-24T19:57:52","modified_gmt":"2021-11-24T19:57:52","slug":"instituto-santo-tomas-realizo-su-primera-feria-de-estudiantes-emprendedores-en-ovalle","status":"publish","type":"post","link":"https:\/\/www.radiolimari.cl\/?p=6306","title":{"rendered":"Instituto Santo Tomas realiz\u00f3 su primera feria de estudiantes emprendedores en Ovalle"},"content":{"rendered":"<p><a href=\"https:\/\/www.radiolimari.cl\/wp-content\/uploads\/2021\/11\/24.11-primera-feria-emprendedores-sto-tomas-ovalle3.jpg\"><img fetchpriority=\"high\" decoding=\"async\" class=\"alignnone size-medium wp-image-6307\" src=\"https:\/\/www.radiolimari.cl\/wp-content\/uploads\/2021\/11\/24.11-primera-feria-emprendedores-sto-tomas-ovalle3-300x200.jpg\" alt=\"24.11 primera-feria-emprendedores-sto-tomas-ovalle3\" width=\"300\" height=\"200\" srcset=\"https:\/\/www.radiolimari.cl\/wp-content\/uploads\/2021\/11\/24.11-primera-feria-emprendedores-sto-tomas-ovalle3-300x200.jpg 300w, https:\/\/www.radiolimari.cl\/wp-content\/uploads\/2021\/11\/24.11-primera-feria-emprendedores-sto-tomas-ovalle3.jpg 800w\" sizes=\"(max-width: 300px) 100vw, 300px\" \/><\/a><\/p>\n<p><strong><em>Estudiantes de diversas carreras participaron en una feria de emprendimientos en donde pudieron ofrecer sus productos y servicios<\/em><\/strong><!--more--><\/p>\n<p>En la plaza de armas de Ovalle se realiz\u00f3 la Primera Feria de Emprendedores Santo Tom\u00e1s, iniciativa que reuni\u00f3 a m\u00e1s de 23 emprendimientos de futuros profesionales, quienes se dedican tanto a la elaboraci\u00f3n como a la comercializaci\u00f3n de diversos productos, como creaciones textiles, vestuario, cosm\u00e9tica, joyer\u00eda, reposter\u00eda, productos anim\u00e9, plantas\u00a0 y tecnolog\u00eda solar.<\/p>\n<p>La actividad organizada por el Instituto y Centro de Formaci\u00f3n T\u00e9cnica, Santo Tom\u00e1s sede Ovalle y cont\u00f3 con el apoyo del municipio ovallino, buscaba promover los negocios de los alumnos de diversas carreras del establecimiento de educaci\u00f3n superior, con el prop\u00f3sito de generar una vitrina que les permita llegar a m\u00e1s clientes y proyectar sus emprendimientos a futuro.<\/p>\n<p>En este sentido, Sebasti\u00e1n Rojas, Director de las carreras del \u00e1rea de Administraci\u00f3n de Santo Tom\u00e1s, coment\u00f3 que la idea de esta feria era que se \u201cconozcan los emprendimientos de nuestro estudiantes, como casa de estudios estamos tremendamente complacidos de abrirnos a la comunidad, y de que nuestros estudiantes puedan compartir con los habitantes de la ciudad sus productos\u201d.<\/p>\n<p>Al mismo tiempo, el acad\u00e9mico destac\u00f3 que en \u201cen Santo Tom\u00e1s, existe una preocupaci\u00f3n por formar a los estudiantes para que pueden generar sus propias ideas de negocios, que sean capaces de crear empresas y as\u00ed generar empleos, al mismo tiempo que est\u00e1n preparados para insertarse en el mundo laboral\u201d.<\/p>\n<p>Por su parte, Eric Castro, encargado de Fomento Productivo y Turismo del municipio ovallino sostuvo que \u201clos estudiantes tienen las ganas de adquirir conocimientos y el esp\u00edritu por su juventud, ligar estas dos variables es s\u00faper importante para el desarrollo de la comuna y la provincia del Limar\u00ed. Sabemos que la cultura de formalizar el emprendimiento es de a\u00f1os, de constancia y trabajo y es algo que tenemos que hacer en conjunto con Santo Tom\u00e1s para potenciar el talento ovallino y a los estudiantes que tienen una gran capacidad de creaci\u00f3n\u201d.<\/p>\n<p><strong>Emprendedores satisfechos<\/strong><\/p>\n<p>Los y las estudiantes que participaron de feria se mostraron muy satisfechos con esta oportunidad de ofrecer sus productos a la comunidad ovallina de forma directa, puesto que en su mayor\u00eda las ventas las realizan a trav\u00e9s de redes sociales.<\/p>\n<p>Este es el caso de Shirley Malefante, estudiante de Analista Programador, quien se dedica a la venta de figuras y productos anime en su emprendimiento Fukai Store. \u201cSiempre he intentado formas de hacer dinero desde casa, a m\u00ed me gustaron estos productos anim\u00e9 y empec\u00e9 a comprar para m\u00ed, y dije si lo puedo traer para m\u00ed, seguro que puedo traer para m\u00e1s gente y ah\u00ed empec\u00e9 a traer para vender, todo a trav\u00e9s de redes sociales, esta es la primera vez que me pongo en un puesto y\u00a0 la verdad es que me ha ido muy bien\u201d, coment\u00f3 la joven.<\/p>\n<p>Para Sof\u00eda Valenzuela estudiante de T\u00e9cnico en Educaci\u00f3n Especial, \u00a0tambi\u00e9n fue la primera vez que expon\u00eda sus productos en un stand. Ella junto a su hermana tiene el emprendimiento Fiaroc, donde se dedican a la fabricaci\u00f3n de aros de porcelana y llaveros de resina. \u201cTodo comenz\u00f3 este verano porque junto a mi hermana decidimos buscar hacer algo para generar ingresos ya que ambas somos estudiantes, nos atrevimos a crear nuestros diferentes accesorios\u201d.<\/p>\n<p><strong>Alianza estrat\u00e9gica<\/strong><\/p>\n<p>Durante la feria se present\u00f3 adem\u00e1s un stand en el que la carrera de Gastronom\u00eda Internacional y Tradicional chilena, de Santo Tom\u00e1s se uni\u00f3 a la carrera de Agroindustria del CFT Regi\u00f3n de Coquimbo, con el prop\u00f3sito de potenciar los productos gastron\u00f3micos locales.<\/p>\n<p>As\u00ed lo se\u00f1al\u00f3 Marlene Jofr\u00e9, Directora de la carrera de Gastronom\u00eda, quien dijo que, \u201crealizamos una alianza para utilizar en nuestras preparaciones los productos que ellos elaboran,\u00a0 que en la mayor\u00eda son productos congelados, reineta ahumada, camar\u00f3n ahumado, salame caprino, hamburguesas caprinas, de garbanzo y nuestros profesores realizaron variedades de panes\u00a0 para montar estos productos\u201d.<\/p>\n<p>Por \u00faltimo, Rolando Rubio, coordinador de la carrera de Agroindustria del CFT Regi\u00f3n de Coquimbo, dijo que con esta alianza \u201cpodemos potenciar los espacios de difusi\u00f3n de la educaci\u00f3n t\u00e9cnica superior, generar un mejor entendimiento de las competencias que tienen las carreras, y que son carreras que se potencian para hacer relucir de mejor forma los productos regionales\u201d.<\/p>\n<p>&nbsp;<\/p>\n<p>&nbsp;<\/p>\n","protected":false},"excerpt":{"rendered":"<p>Estudiantes de diversas carreras participaron en una feria de emprendimientos en donde pudieron ofrecer sus productos y servicios<\/p>\n","protected":false},"author":2,"featured_media":6307,"comment_status":"open","ping_status":"open","sticky":false,"template":"","format":"standard","meta":{"footnotes":""},"categories":[3],"tags":[],"class_list":["post-6306","post","type-post","status-publish","format-standard","has-post-thumbnail","hentry","category-actualidad"],"_links":{"self":[{"href":"https:\/\/www.radiolimari.cl\/index.php?rest_route=\/wp\/v2\/posts\/6306","targetHints":{"allow":["GET"]}}],"collection":[{"href":"https:\/\/www.radiolimari.cl\/index.php?rest_route=\/wp\/v2\/posts"}],"about":[{"href":"https:\/\/www.radiolimari.cl\/index.php?rest_route=\/wp\/v2\/types\/post"}],"author":[{"embeddable":true,"href":"https:\/\/www.radiolimari.cl\/index.php?rest_route=\/wp\/v2\/users\/2"}],"replies":[{"embeddable":true,"href":"https:\/\/www.radiolimari.cl\/index.php?rest_route=%2Fwp%2Fv2%2Fcomments&post=6306"}],"version-history":[{"count":1,"href":"https:\/\/www.radiolimari.cl\/index.php?rest_route=\/wp\/v2\/posts\/6306\/revisions"}],"predecessor-version":[{"id":6308,"href":"https:\/\/www.radiolimari.cl\/index.php?rest_route=\/wp\/v2\/posts\/6306\/revisions\/6308"}],"wp:featuredmedia":[{"embeddable":true,"href":"https:\/\/www.radiolimari.cl\/index.php?rest_route=\/wp\/v2\/media\/6307"}],"wp:attachment":[{"href":"https:\/\/www.radiolimari.cl\/index.php?rest_route=%2Fwp%2Fv2%2Fmedia&parent=6306"}],"wp:term":[{"taxonomy":"category","embeddable":true,"href":"https:\/\/www.radiolimari.cl\/index.php?rest_route=%2Fwp%2Fv2%2Fcategories&post=6306"},{"taxonomy":"post_tag","embeddable":true,"href":"https:\/\/www.radiolimari.cl\/index.php?rest_route=%2Fwp%2Fv2%2Ftags&post=6306"}],"curies":[{"name":"wp","href":"https:\/\/api.w.org\/{rel}","templated":true}]}}