{"id":6303,"date":"2021-11-24T19:46:20","date_gmt":"2021-11-24T19:46:20","guid":{"rendered":"http:\/\/www.radiolimari.cl\/?p=6303"},"modified":"2021-11-24T19:46:20","modified_gmt":"2021-11-24T19:46:20","slug":"una-importante-cartelera-cinematografica-dara-vida-al-17-festival-de-cine-de-ovalle","status":"publish","type":"post","link":"https:\/\/www.radiolimari.cl\/?p=6303","title":{"rendered":"Una importante cartelera cinematogr\u00e1fica dar\u00e1 vida al 17\u00b0 Festival de Cine de Ovalle,"},"content":{"rendered":"<p><a href=\"https:\/\/www.radiolimari.cl\/wp-content\/uploads\/2021\/11\/24.11-vendr\u00e1-la-muerte.jpg\"><img fetchpriority=\"high\" decoding=\"async\" class=\"alignnone size-medium wp-image-6304\" src=\"https:\/\/www.radiolimari.cl\/wp-content\/uploads\/2021\/11\/24.11-vendr\u00e1-la-muerte-300x168.jpg\" alt=\"24.11 vendr\u00e1 la muerte\" width=\"300\" height=\"168\" srcset=\"https:\/\/www.radiolimari.cl\/wp-content\/uploads\/2021\/11\/24.11-vendr\u00e1-la-muerte-300x168.jpg 300w, https:\/\/www.radiolimari.cl\/wp-content\/uploads\/2021\/11\/24.11-vendr\u00e1-la-muerte-1024x575.jpg 1024w, https:\/\/www.radiolimari.cl\/wp-content\/uploads\/2021\/11\/24.11-vendr\u00e1-la-muerte.jpg 1500w\" sizes=\"(max-width: 300px) 100vw, 300px\" \/><\/a><\/p>\n<p><strong>Desde el 30 de noviembre hasta el 03 de diciembre tendr\u00e1 lugar el certamen cinematogr\u00e1fico que contar\u00e1 con la exhibici\u00f3n de pel\u00edculas en la Sala de Microcine del Centro Cultural y en el Teatro Municipal de Ovalle<\/strong><!--more--><\/p>\n<p>El Certamen cinematogr\u00e1fico es organizado por la Ilustre Municipalidad de Ovalle, a trav\u00e9s de su Corporaci\u00f3n Cultural, que a partir del 30 de noviembre y hasta el 03 de diciembre contar\u00e1 con pel\u00edculas de corte documental a las 18:00 horas en la Sala de Microcine del Centro Cultural y\u00a0 de ficci\u00f3n a las 20:00 horas en el Teatro Municipal de Ovalle.<\/p>\n<p>El director ejecutivo de la Corporaci\u00f3n Cultural Municipal de Ovalle se\u00f1al\u00f3 que \u201cse nos hab\u00eda hecho dif\u00edcil realizar el Festival, los \u00faltimos a\u00f1os, una instancia para poder acercar el trabajo cinematogr\u00e1fico nacional a la ciudadan\u00eda. Este a\u00f1o volvemos con cuatro d\u00edas de actividades que adem\u00e1s de contar con una variada y nutrida cartelera, tanto de largometrajes de ficci\u00f3n como documentales; vamos a visionar la pel\u00edcula \u2018historia de un crack\u2019 en establecimientos educacionales de la comuna, donde los alumnos contar\u00e1n con un trabajo posterior que nos permitir\u00e1 ahondar en el trabajo cinematogr\u00e1fico; adem\u00e1s de diversas charlas v\u00eda zoom dirigidas a creadores de la regi\u00f3n de Coquimbo que se desarrollar\u00e1n los d\u00edas mi\u00e9rcoles 01 y jueves 02 junto a profesionales del \u00e1rea y cuyas inscripciones son gratuitas en www.ovallecultura.cl\u201d.<\/p>\n<p><strong>\u201cVendr\u00e1 la Muerte y Tendr\u00e1 tus Ojos<\/strong><strong>\u201d, <\/strong>protagonizada por<strong>\u00a0<\/strong><strong>Amparo Noguera<\/strong><strong>\u00a0<\/strong>y<strong>\u00a0<\/strong><strong>Julieta Figueroa<\/strong>\u00a0y dirigida por \u00a0Jos\u00e9 Luis Torres Leiva, ser\u00e1 la pel\u00edcula encargada de abrir el Certamen en el TMO este martes 30 de noviembre a las 20:00 horas, cuyas entradas se encuentran disponibles completamente gratis en <a href=\"http:\/\/www.tmo.cl\">www.tmo.cl<\/a>. El largometraje pone en escena los \u00faltimos d\u00edas de una pareja l\u00e9sbica, dos mujeres que han compartido toda una vida juntas y que se ven enfrentadas a la fase final de la larga enfermedad de Mar\u00eda (Julieta Figueroa), en una muerte voluntaria y asistida por Ana, su pareja (Amparo Noguera). Cabe destacar que el t\u00edtulo de la cinta es el nombre de un poema de Cesare Pavese, que escribi\u00f3 despu\u00e9s de un fuerte\u00a0desenga\u00f1o\u00a0amoroso, al poco tiempo Pavese se suicid\u00f3.<\/p>\n<p>En tanto el mi\u00e9rcoles 01 de diciembre ser\u00e1 la pel\u00edcula de ficci\u00f3n \u201cPiola\u201d la que se exhibir\u00e1 en la pantalla grande del TMO, la cual muestra -sin estereotipos-la realidad de los j\u00f3venes de Quilicura y que ha sido merecedora de galardones como: Mejor \u00d3pera Prima en el Festival Internacional de Cine de Guadalajara y el de Mejor Guion en el Festival de Cine Latinoamericano de Trieste en Italia. El jueves 02 de diciembre veremos nuevamente el talento de la directora Claudia Hauiquimilla para abordar temas de juventud vulnerable, marginalizada. Esta vez con un desaf\u00edo mayor, al presentar una historia con muchos personajes que interact\u00faan, sin roles claros, definidos a trav\u00e9s de la pel\u00edcula \u201cMis hermanos sue\u00f1an despiertos\u201d.<\/p>\n<p>Para cerrar con broche de hora la exhibici\u00f3n de largometrajes de ficci\u00f3n los cin\u00e9filos podr\u00e1n disfrutar de la reci\u00e9n estrenada pel\u00edcula protagonizada por Mariana Di Gir\u00f3lamo, Patricia Rivadeneira, Ariel Mateluna, Antonia Giesen, Willy Semler y Josefina Montan\u00e9:; La Ver\u00f3nica; que nos presenta a una modelo muy popular en las redes sociales, casada con una estrella internacional del f\u00fatbol, que cae en desgracia cuando descubre que es la principal sospechosa en la investigaci\u00f3n sobre el asesinato de su primera hija, ocurrido diez a\u00f1os atr\u00e1s. Frente a la presi\u00f3n de la investigaci\u00f3n, su matrimonio est\u00e1 al borde de la ruptura y comienza a sentir celos de Amanda, su hija reci\u00e9n nacida.<\/p>\n<p><strong>\u00bfTE GUSTAN LOS DOCUMENTALES?<\/strong><\/p>\n<p>La Sala de Microcine del Centro Cultural albergar\u00e1 cuatro interesantes pel\u00edculas documentales que cada d\u00eda a las 18:00 horas la ciudadan\u00eda cultural podr\u00e1 disfrutar completamente gratis, con solo su inscripci\u00f3n en <a href=\"http:\/\/www.ovallecultura.cl\">www.ovallecultura.cl<\/a>. La cartelera\u00a0 inicia con \u201cGepe y Margot Loyola, folclor imaginario\u201d, un relato de este viaje de Gepe y los m\u00fasicos que dieron vida al disco <em>Folclor Imaginario<\/em>, a trav\u00e9s de una sesi\u00f3n ac\u00fastica y conversaciones con los personajes que conforman este imaginario, desde la folclorista Mar\u00eda Ester Zamora hasta las nuevas generaciones de m\u00fasicos. Por su parte el mi\u00e9rcoles 01 de noviembre se exhibir\u00e1 la pel\u00edcula \u201cNunca Sub\u00ed el Provincia\u201d dirigida por Ignacio Ag\u00fcero, en la que nos muestra la relaci\u00f3n de un cineasta con la esquina de su casa donde un nuevo edificio ha cambiado la vida del barrio y adem\u00e1s ha interrumpido la visi\u00f3n que \u00e9l ten\u00eda del cerro Provincia y de la Cordillera de los Andes. Esta situaci\u00f3n la cuenta en cartas manuscritas a una joven cineasta que un d\u00eda fue a dejarle su primera pel\u00edcula.<\/p>\n<p>El Ganador de Mejor Documental en el Festival de Biarritz Am\u00e9rique Latine 2020, Francia y Miradasdoc, 2021 de Espa\u00f1a; entre otros tantos galardones nacionales e internacionales tambi\u00e9n estar\u00e1 presente en la Sala de Microcine. Se trata de \u201cEl Otro\u201d, donde veremos c\u00f3mo entre el bosque y el mar dos hombres viven aislados en una choza. Mientras uno pasa el d\u00eda buceando y cazando, el otro s\u00f3lo quiere leer. La convivencia es dif\u00edcil y extra\u00f1a. En este documental, inspirado en la obra maestra de H. Melville, Moby Dick, la soledad es retratada de manera \u00edntima, interpelando nuestra percepci\u00f3n sobre la realidad.<\/p>\n<p>El \u00faltimo d\u00eda de festival a trav\u00e9s del documental \u201cEl Viajes Espacial\u201d haremos un recorrido por los rincones de Chile, a trav\u00e9s de la observaci\u00f3n de paraderos de transporte y las conversaciones de sus pasajeros. Desierto, ciudad, mar y nieve son los escenarios de este mosaico de situaciones cotidianas donde se combina el humor, el drama y el absurdo.<\/p>\n","protected":false},"excerpt":{"rendered":"<p>Desde el 30 de noviembre hasta el 03 de diciembre tendr\u00e1 lugar el certamen cinematogr\u00e1fico que contar\u00e1 con la exhibici\u00f3n de pel\u00edculas en la Sala de Microcine del Centro Cultural y en el Teatro Municipal de Ovalle<\/p>\n","protected":false},"author":2,"featured_media":6304,"comment_status":"open","ping_status":"open","sticky":false,"template":"","format":"standard","meta":{"footnotes":""},"categories":[5],"tags":[],"class_list":["post-6303","post","type-post","status-publish","format-standard","has-post-thumbnail","hentry","category-actualidad-limarina"],"_links":{"self":[{"href":"https:\/\/www.radiolimari.cl\/index.php?rest_route=\/wp\/v2\/posts\/6303","targetHints":{"allow":["GET"]}}],"collection":[{"href":"https:\/\/www.radiolimari.cl\/index.php?rest_route=\/wp\/v2\/posts"}],"about":[{"href":"https:\/\/www.radiolimari.cl\/index.php?rest_route=\/wp\/v2\/types\/post"}],"author":[{"embeddable":true,"href":"https:\/\/www.radiolimari.cl\/index.php?rest_route=\/wp\/v2\/users\/2"}],"replies":[{"embeddable":true,"href":"https:\/\/www.radiolimari.cl\/index.php?rest_route=%2Fwp%2Fv2%2Fcomments&post=6303"}],"version-history":[{"count":1,"href":"https:\/\/www.radiolimari.cl\/index.php?rest_route=\/wp\/v2\/posts\/6303\/revisions"}],"predecessor-version":[{"id":6305,"href":"https:\/\/www.radiolimari.cl\/index.php?rest_route=\/wp\/v2\/posts\/6303\/revisions\/6305"}],"wp:featuredmedia":[{"embeddable":true,"href":"https:\/\/www.radiolimari.cl\/index.php?rest_route=\/wp\/v2\/media\/6304"}],"wp:attachment":[{"href":"https:\/\/www.radiolimari.cl\/index.php?rest_route=%2Fwp%2Fv2%2Fmedia&parent=6303"}],"wp:term":[{"taxonomy":"category","embeddable":true,"href":"https:\/\/www.radiolimari.cl\/index.php?rest_route=%2Fwp%2Fv2%2Fcategories&post=6303"},{"taxonomy":"post_tag","embeddable":true,"href":"https:\/\/www.radiolimari.cl\/index.php?rest_route=%2Fwp%2Fv2%2Ftags&post=6303"}],"curies":[{"name":"wp","href":"https:\/\/api.w.org\/{rel}","templated":true}]}}