{"id":6300,"date":"2021-11-24T19:40:42","date_gmt":"2021-11-24T19:40:42","guid":{"rendered":"http:\/\/www.radiolimari.cl\/?p=6300"},"modified":"2021-11-24T19:40:42","modified_gmt":"2021-11-24T19:40:42","slug":"se-realizo-primera-jornada-de-seminario-internacional-de-desarrollo-sustentable-y-cambio-climatico-se-enfoco-en-la-gestion-y-uso-eficiente-del-agua","status":"publish","type":"post","link":"https:\/\/www.radiolimari.cl\/?p=6300","title":{"rendered":"Se realiz\u00f3 Primera jornada de Seminario Internacional de Desarrollo Sustentable y Cambio Clim\u00e1tico se enfoc\u00f3 en la gesti\u00f3n y uso eficiente del agua"},"content":{"rendered":"<p><a href=\"https:\/\/www.radiolimari.cl\/wp-content\/uploads\/2021\/11\/24.11-gore.jpg\"><img fetchpriority=\"high\" decoding=\"async\" class=\"alignnone size-medium wp-image-6301\" src=\"https:\/\/www.radiolimari.cl\/wp-content\/uploads\/2021\/11\/24.11-gore-300x199.jpg\" alt=\"24.11 gore\" width=\"300\" height=\"199\" srcset=\"https:\/\/www.radiolimari.cl\/wp-content\/uploads\/2021\/11\/24.11-gore-300x199.jpg 300w, https:\/\/www.radiolimari.cl\/wp-content\/uploads\/2021\/11\/24.11-gore.jpg 800w\" sizes=\"(max-width: 300px) 100vw, 300px\" \/><\/a><\/p>\n<p><strong>El encuentro, impulsado por la Gobernadora Krist Naranjo, cont\u00f3 con expositores de Pa\u00edses Bajos, Francia, Espa\u00f1a y Chile, quienes abordaron la purificaci\u00f3n de agua con energ\u00eda solar, gesti\u00f3n integrada de cuencas, reutilizaci\u00f3n de aguas grises, y soluciones para la desertificaci\u00f3n, entre otros temas.<\/strong><\/p>\n<p><!--more--><\/p>\n<p>Equilibrio ecosist\u00e9mico, el camino hacia la carbonoeutralidad y el habitar sustentable son las tres macro-tem\u00e1ticas abordadas en el primer Seminario Internacional de Desarrollo Sustentable y Cambio Clim\u00e1tico desde la regi\u00f3n de Coquimbo. Una instancia impulsada por la Gobernadora Krist Naranjo y el Gobierno Regional como una de las iniciativas para avanzar hacia el desarrollo sustentable.<\/p>\n<p>Durante la primera jornada se abord\u00f3 en detalle una serie de procesos e iniciativas tendientes a la gesti\u00f3n y el uso eficiente del agua, contando con expositores de Pa\u00edses Bajos, Francia, Chile y Espa\u00f1a.<\/p>\n<p>Tras esta primera de tres jornadas, la Gobernadora destac\u00f3 que <strong>\u201ccomo Gobierno Regional estamos muy contentos de poder entregar este tipo de seminario internacional de gran nivel a la comunidad, ya que se est\u00e1 trasmitiendo por redes sociales a trav\u00e9s de YouTube y hemos tenido una gran convocatoria. Esperamos que muchas m\u00e1s personas puedan sumarse el jueves y viernes, porque tenemos grandes expositores\u201d.<\/strong><\/p>\n<p>Respecto de la tem\u00e1tica abordada durante la primera jornada, como es la materia h\u00eddrica, la autoridad regional agreg\u00f3 que <strong>\u201ces crucial para nuestra regi\u00f3n conocer la diversidad de opciones que tenemos para resolver esta gran problem\u00e1tica que afecta a todos nuestros valles. Hemos conocido el modelo de Francia, que para nosotros es muy importante como un eje para poder articular el sistema h\u00eddrico a trav\u00e9s de cuencas hidrogr\u00e1ficas en los distintos valles de nuestra regi\u00f3n de Coquimbo\u201d.<\/strong><strong>\u00a0<\/strong><\/p>\n<p>Precisamente desde Francia, Serge Miquel, presiente de la asociaci\u00f3n la Goutte D\u2019\u00d3, de Francia, destac\u00f3 que <strong>\u201cla organizaci\u00f3n del Seminario de Coquimbo es una excelente iniciativa de la Se\u00f1ora Krist Naranjo, en relaci\u00f3n con la Alianza Francesa. El enriquecimiento de los temas presentados es beneficioso tanto para los actores pol\u00edticos como para los t\u00e9cnicos. Su iniciativa demuestra la eficacia de la relaci\u00f3n entre el mundo pol\u00edtico y la ciencia. La amplia apertura del Seminario a diez pa\u00edses es un verdadero \u00e9xito\u201d.<\/strong><strong>\u00a0<\/strong><\/p>\n<p>Miquel, en cuya presentaci\u00f3n abord\u00f3 la experiencia francesa en el uso eficiente del agua, detall\u00f3 que la cobertura hidrogr\u00e1fica de la Regi\u00f3n de Coquimbo cuenta con similitudes respecto de su territorio, agregando que <strong>\u201cla gesti\u00f3n global del agua a escala de estos territorios homog\u00e9neos presenta una soluci\u00f3n real para la gesti\u00f3n sostenible de los recursos h\u00eddricos y las condiciones para compartirlos en un organismo como un Comit\u00e9 Local del Agua. Adem\u00e1s, los conocimientos cient\u00edficos chilenos son bien conocidos en todo el mundo\u201d.<\/strong><\/p>\n<p>Un principio de Gesti\u00f3n Global del Agua a escala de las cuencas hidrogr\u00e1ficas que en Francia est\u00e1 consagrado en la Ley de Aguas, incluido adem\u00e1s en la Directiva Marco Europea del Agua.<\/p>\n<p>Otra de las exposiciones de la jornada estuvo a cargo de la alcaldesa de R\u00edo Hurtado, Carmen Juana Olivares, quien expuso sobre la experiencia de la comuna con la reutilizaci\u00f3n de aguas grises a partir de una tecnolog\u00eda japonesa. <strong>\u201cLlevamos dos meses en esta experiencia en que intervenimos una poblaci\u00f3n en que estas aguas llegan a su destino de procesamiento y se recupera casi el 100% de estas aguas, las que son usadas para el riego de \u00e1reas verdes, e incluso, se pretende usar para el riego de huertos urbanos\u201d, <\/strong>explic\u00f3 la alcaldesa.<\/p>\n<p>A partir de esto, la alcaldesa explic\u00f3 que como municipio las nuevas inversiones que se hagan en materia de alcantarillado considerar\u00e1n este tipo de plantas, pensando en la reutilizaci\u00f3n del agua, en vista de la escasez h\u00eddrica.<\/p>\n<p>Una nutrida jornada de la que tambi\u00e9n particip\u00f3 como asistente el acad\u00e9mico de la Universidad de La Serena, Pablo \u00c1lvarez, quien destac\u00f3 que <strong>\u201ceste tipo de encuentros son muy importantes y, ojal\u00e1, los tengamos de forma mucho m\u00e1s seguida y que nos podamos contactar tambi\u00e9n con los especialistas de otros pa\u00edses. En nuestra regi\u00f3n hay un desarrollo muy importante desde el punto de vista cient\u00edfico y tecnol\u00f3gico, tenemos facultades y universidades que permiten establecer este lazo, y ser\u00eda muy bueno establecer lazos permanente producto de esto\u201d.<\/strong><\/p>\n<p>Tambi\u00e9n formaron parte de la primera jornada William Janssen y Sammy Goncalves, director ejecutivo y gerente de adquisiciones de la empresa Desolenator, quienes presentaron una soluci\u00f3n innovadora\u00a0 para purificar agua del mar con energ\u00eda solar; Harry Polman, director de H2O Biofoulding Solutions, empresa dedicada a implementar soluciones para prevenir el riesgo de las bioincrustaciones en los sistemas de aguas industriales; Francisco Torres, gerente de Bioantu, quien habl\u00f3 de soluciones para la desertificaci\u00f3n; y Julia Mart\u00ednez, directora t\u00e9cnica de la fundaci\u00f3n nueva cultura del agua, quien abord\u00f3 los ecosistemas h\u00eddricos, cambio clim\u00e1tico y transici\u00f3n h\u00eddrica.<\/p>\n<p>La segunda jornada de seminario de este jueves 25 de noviembre abordar\u00e1 el camino hacia la carbono neutralidad, con tem\u00e1ticas como la econom\u00eda circular y la gesti\u00f3n de residuos y reciclaje. Un encuentro que ser\u00e1 nuevamente transmitido a trav\u00e9s de youtube por las redes sociales del Gobierno Regional, de forma absolutamente gratuita y con posibilidad de participar a trav\u00e9s de consultas a los expositores.<\/p>\n<p>&nbsp;<\/p>\n","protected":false},"excerpt":{"rendered":"<p>El encuentro, impulsado por la Gobernadora Krist Naranjo, cont\u00f3 con expositores de Pa\u00edses Bajos, Francia, Espa\u00f1a y Chile, quienes abordaron la purificaci\u00f3n de agua con energ\u00eda solar, gesti\u00f3n integrada de cuencas, reutilizaci\u00f3n de aguas grises, y soluciones para la desertificaci\u00f3n, entre otros temas.<\/p>\n","protected":false},"author":2,"featured_media":6301,"comment_status":"open","ping_status":"open","sticky":false,"template":"","format":"standard","meta":{"footnotes":""},"categories":[3],"tags":[],"class_list":["post-6300","post","type-post","status-publish","format-standard","has-post-thumbnail","hentry","category-actualidad"],"_links":{"self":[{"href":"https:\/\/www.radiolimari.cl\/index.php?rest_route=\/wp\/v2\/posts\/6300","targetHints":{"allow":["GET"]}}],"collection":[{"href":"https:\/\/www.radiolimari.cl\/index.php?rest_route=\/wp\/v2\/posts"}],"about":[{"href":"https:\/\/www.radiolimari.cl\/index.php?rest_route=\/wp\/v2\/types\/post"}],"author":[{"embeddable":true,"href":"https:\/\/www.radiolimari.cl\/index.php?rest_route=\/wp\/v2\/users\/2"}],"replies":[{"embeddable":true,"href":"https:\/\/www.radiolimari.cl\/index.php?rest_route=%2Fwp%2Fv2%2Fcomments&post=6300"}],"version-history":[{"count":1,"href":"https:\/\/www.radiolimari.cl\/index.php?rest_route=\/wp\/v2\/posts\/6300\/revisions"}],"predecessor-version":[{"id":6302,"href":"https:\/\/www.radiolimari.cl\/index.php?rest_route=\/wp\/v2\/posts\/6300\/revisions\/6302"}],"wp:featuredmedia":[{"embeddable":true,"href":"https:\/\/www.radiolimari.cl\/index.php?rest_route=\/wp\/v2\/media\/6301"}],"wp:attachment":[{"href":"https:\/\/www.radiolimari.cl\/index.php?rest_route=%2Fwp%2Fv2%2Fmedia&parent=6300"}],"wp:term":[{"taxonomy":"category","embeddable":true,"href":"https:\/\/www.radiolimari.cl\/index.php?rest_route=%2Fwp%2Fv2%2Fcategories&post=6300"},{"taxonomy":"post_tag","embeddable":true,"href":"https:\/\/www.radiolimari.cl\/index.php?rest_route=%2Fwp%2Fv2%2Ftags&post=6300"}],"curies":[{"name":"wp","href":"https:\/\/api.w.org\/{rel}","templated":true}]}}