{"id":6290,"date":"2021-11-23T12:29:11","date_gmt":"2021-11-23T12:29:11","guid":{"rendered":"http:\/\/www.radiolimari.cl\/?p=6290"},"modified":"2021-11-23T12:29:11","modified_gmt":"2021-11-23T12:29:11","slug":"en-ovalle-se-realiza-este-viernes-la-expo-emergencia-2021","status":"publish","type":"post","link":"https:\/\/www.radiolimari.cl\/?p=6290","title":{"rendered":"En Ovalle se realiza este viernes  la Expo Emergencia 2021"},"content":{"rendered":"<p><a href=\"https:\/\/www.radiolimari.cl\/wp-content\/uploads\/2021\/11\/23.11-Expo-Emergencia-Ovalle.jpg\"><img fetchpriority=\"high\" decoding=\"async\" class=\"alignnone size-medium wp-image-6291\" src=\"https:\/\/www.radiolimari.cl\/wp-content\/uploads\/2021\/11\/23.11-Expo-Emergencia-Ovalle-300x199.jpg\" alt=\"23.11 Expo Emergencia Ovalle\" width=\"300\" height=\"199\" srcset=\"https:\/\/www.radiolimari.cl\/wp-content\/uploads\/2021\/11\/23.11-Expo-Emergencia-Ovalle-300x199.jpg 300w, https:\/\/www.radiolimari.cl\/wp-content\/uploads\/2021\/11\/23.11-Expo-Emergencia-Ovalle-1024x682.jpg 1024w, https:\/\/www.radiolimari.cl\/wp-content\/uploads\/2021\/11\/23.11-Expo-Emergencia-Ovalle.jpg 2048w\" sizes=\"(max-width: 300px) 100vw, 300px\" \/><\/a><\/p>\n<p><strong><em>La Jornada se desarrollar\u00e1 este viernes 26 de noviembre en la plaza de armas, se entregar\u00e1 informaci\u00f3n sobre la prevenci\u00f3n de eventos de emergencia y tambi\u00e9n de las principales indicaciones, para actuar correctamente ante una cat\u00e1strofe. El evento, es organizado por la Oficina de Protecci\u00f3n Civil y Emergencias del municipio de Ovalle, en conjunto con la ONEMI de la regi\u00f3n de Coquimbo.<\/em><\/strong><!--more--><\/p>\n<p>Las buenas decisiones son esenciales al momento de enfrentar una emergencia. Este ser\u00e1 uno de los temas que se tratar\u00e1 en la Expo Emergencia 2021, que se realizar\u00e1 el pr\u00f3ximo viernes 26 de noviembre en la plaza de armas, entre las 9.30 y las 14.00 horas.<\/p>\n<p>En la jornada, organizada por la Oficina de Protecci\u00f3n Civil y Emergencia del municipio de Ovalle, en conjunto con la ONEMI de la regi\u00f3n de Coquimbo, se entregar\u00e1 informaci\u00f3n importante de c\u00f3mo prevenir accidentes, incendios y tambi\u00e9n como enfrentarlos de manera correcta. En esta ocasi\u00f3n, participar\u00e1 el personal de la Secci\u00f3n de Investigaci\u00f3n de Accidentes de Tr\u00e1nsito (SIAT) y el Grupo de Operaciones Especiales (GOPE) de Carabineros, quienes dar\u00e1n a conocer las principales intervenciones que deben realizar para apoyar a la ciudadan\u00eda en momentos de emergencia. A ellos, se sumar\u00e1n profesionales de SALUD, quienes har\u00e1n recreaciones de los procedimientos que deben desarrollar en un accidente u otro momento de emergencia. En esta versi\u00f3n, participar\u00e1 personal de CONAF, quienes har\u00e1n hincapi\u00e9 en la prevenci\u00f3n de incendios forestales, que, lamentablemente, se incrementan en este periodo del a\u00f1o. En la Expo Emergencia 2021 tambi\u00e9n estar\u00e1n presentes personal de Seguridad Ciudadana, el departamento de Fomento Productivo y Turismo y profesionales del \u00e1rea de prevenci\u00f3n de riesgo del municipio de Ovalle.<\/p>\n<p>Esta actividad nace de la necesidad y preocupaci\u00f3n \u201cde lograr ser\u00a0la comuna mejor preparada ante eventos de emergencias y cat\u00e1strofes y sensibilizar a las personas frente a su rol y responsabilidad de cuidar a nuestras familias, nuestros bienes, el medio ambiente y a la comunidad en general, ante eventos de emergencias y cat\u00e1strofes\u201d indic\u00f3 la encargada de la oficina de protecci\u00f3n civil y emergencias del municipio de Ovalle, Lorna Benavides.<\/p>\n<p>Al respecto, el alcalde de Ovalle, Claudio Renter\u00eda sostuvo que es \u201cmuy importante que todos tengamos conocimientos b\u00e1sicos de c\u00f3mo enfrentar una emergencia, por eso es relevante que la comunidad participe de la Expo Emergencia 2021 y se informe y se capacite, tanto para prevenir, como actuar correctamente ante una emergencia o cat\u00e1strofe y de esta forma protegerse y cuidar la integridad f\u00edsica de nuestras familias\u201d.<\/p>\n","protected":false},"excerpt":{"rendered":"<p>La Jornada se desarrollar\u00e1 este viernes 26 de noviembre en la plaza de armas, se entregar\u00e1 informaci\u00f3n sobre la prevenci\u00f3n de eventos de emergencia y tambi\u00e9n de las principales indicaciones, para actuar correctamente ante una cat\u00e1strofe. El evento, es organizado por la Oficina de Protecci\u00f3n Civil y Emergencias del municipio de Ovalle, en conjunto con &#8230;<\/p>\n","protected":false},"author":2,"featured_media":6291,"comment_status":"open","ping_status":"open","sticky":false,"template":"","format":"standard","meta":{"footnotes":""},"categories":[3],"tags":[],"class_list":["post-6290","post","type-post","status-publish","format-standard","has-post-thumbnail","hentry","category-actualidad"],"_links":{"self":[{"href":"https:\/\/www.radiolimari.cl\/index.php?rest_route=\/wp\/v2\/posts\/6290","targetHints":{"allow":["GET"]}}],"collection":[{"href":"https:\/\/www.radiolimari.cl\/index.php?rest_route=\/wp\/v2\/posts"}],"about":[{"href":"https:\/\/www.radiolimari.cl\/index.php?rest_route=\/wp\/v2\/types\/post"}],"author":[{"embeddable":true,"href":"https:\/\/www.radiolimari.cl\/index.php?rest_route=\/wp\/v2\/users\/2"}],"replies":[{"embeddable":true,"href":"https:\/\/www.radiolimari.cl\/index.php?rest_route=%2Fwp%2Fv2%2Fcomments&post=6290"}],"version-history":[{"count":1,"href":"https:\/\/www.radiolimari.cl\/index.php?rest_route=\/wp\/v2\/posts\/6290\/revisions"}],"predecessor-version":[{"id":6292,"href":"https:\/\/www.radiolimari.cl\/index.php?rest_route=\/wp\/v2\/posts\/6290\/revisions\/6292"}],"wp:featuredmedia":[{"embeddable":true,"href":"https:\/\/www.radiolimari.cl\/index.php?rest_route=\/wp\/v2\/media\/6291"}],"wp:attachment":[{"href":"https:\/\/www.radiolimari.cl\/index.php?rest_route=%2Fwp%2Fv2%2Fmedia&parent=6290"}],"wp:term":[{"taxonomy":"category","embeddable":true,"href":"https:\/\/www.radiolimari.cl\/index.php?rest_route=%2Fwp%2Fv2%2Fcategories&post=6290"},{"taxonomy":"post_tag","embeddable":true,"href":"https:\/\/www.radiolimari.cl\/index.php?rest_route=%2Fwp%2Fv2%2Ftags&post=6290"}],"curies":[{"name":"wp","href":"https:\/\/api.w.org\/{rel}","templated":true}]}}