{"id":6287,"date":"2021-11-23T12:15:16","date_gmt":"2021-11-23T12:15:16","guid":{"rendered":"http:\/\/www.radiolimari.cl\/?p=6287"},"modified":"2021-11-23T12:15:16","modified_gmt":"2021-11-23T12:15:16","slug":"en-rio-hurtado-comenzo-con-gran-participacion-ciudadana-el-trabajo-en-el-nuevo-territorio-de-zonas-rezagadas-limari-elqui","status":"publish","type":"post","link":"https:\/\/www.radiolimari.cl\/?p=6287","title":{"rendered":"En R\u00edo Hurtado comenz\u00f3 con gran participaci\u00f3n ciudadana el trabajo en el nuevo territorio de zonas rezagadas Limar\u00ed-Elqui"},"content":{"rendered":"<p><a href=\"https:\/\/www.radiolimari.cl\/wp-content\/uploads\/2021\/11\/23.11-rio-hurtado.jpg\"><img fetchpriority=\"high\" decoding=\"async\" class=\"alignnone size-medium wp-image-6288\" src=\"https:\/\/www.radiolimari.cl\/wp-content\/uploads\/2021\/11\/23.11-rio-hurtado-300x199.jpg\" alt=\"23.11 rio hurtado\" width=\"300\" height=\"199\" srcset=\"https:\/\/www.radiolimari.cl\/wp-content\/uploads\/2021\/11\/23.11-rio-hurtado-300x199.jpg 300w, https:\/\/www.radiolimari.cl\/wp-content\/uploads\/2021\/11\/23.11-rio-hurtado.jpg 800w\" sizes=\"(max-width: 300px) 100vw, 300px\" \/><\/a><\/p>\n<p><strong>El mismo proceso se realizar\u00e1 en Vicu\u00f1a, Andacollo y La Higuera, con el fin de levantar un programa de trabajo con iniciativas relevantes que comience su ejecuci\u00f3n en 2023.<\/strong><!--more--><\/p>\n<p>Ocho a\u00f1os de duraci\u00f3n tendr\u00e1 el Plan de Zonas Rezagadas para el nuevo territorio Limar\u00ed-Elqui, que incluye a R\u00edo Hurtado, La Higuera, Andacollo y Vicu\u00f1a.<\/p>\n<p>Un proceso que la Gobernadora Regional, Krist Naranjo, dio por iniciado con la participaci\u00f3n ciudadana \u00a0para este territorio en la localidad de El Cha\u00f1ar, comuna de R\u00edo Hurtado, junto a la alcaldesa, Carmen Juana Olivares,\u00a0 Convejales y con la participaci\u00f3n de m\u00e1s de 100 representantes de distintos sectores de esta comuna del Limar\u00ed.<\/p>\n<p><strong>\u201cPara nosotros como Gobierno Regional este Plan de Zonas Rezagas es fundamental para llegar a las zonas rurales que queremos fortalecer. Hoy estamos incorporando estas cuatro comunas, que queremos fortalecer en las distintas l\u00edneas de acci\u00f3n, tanto de fomento productivo, bienes y servicios, en que las mismas personas levantan las propuestas a trav\u00e9s de una participaci\u00f3n ciudadana efectiva\u201d, <\/strong>dijo la Gobernadora.<\/p>\n<p>La autoridad regional destac\u00f3 que el trabajo con la comunidad es la mejor forma para llegar con las iniciativas y soluciones m\u00e1s urgentes y necesarias para la comunidad. <strong>\u201cLas zonas rezagadas est\u00e1n muy apartadas, no tienen buena conectividad y esta es una gran oportunidad para ponerlas en igualdad de condiciones respecto de las ciudades grandes<\/strong>\u201d, agreg\u00f3.<\/p>\n<p>Por su parte, la alcaldesa Carmen Juana Olivares, destac\u00f3 la importancia de hacer este trabajo participativo en El Cha\u00f1ar \u201c<strong>donde se evidencia el rezago de la comuna y las necesidades de la comunidad, como accesibilidad, la falta de iniciativas productivas, que se ven truncadas por falta de alcantarillado, o los temas de electrificaci\u00f3n rural. Por todo esto, para nosotros es muy importante que la gente haya asistido a esta convocatoria\u201d.<\/strong><\/p>\n<p>Instancia de la que particip\u00f3, adem\u00e1s, el alcalde de Andacollo, Gerald Cerda, vecinos, dirigentes, profesores, emprendedores, regantes, peque\u00f1os productores, entre otros, representando las preocupaciones y necesidades de toda la comuna y sus territorios.<\/p>\n<p>Uno de los participantes fue Juan Cortes, quien representando al APR de Las Breas dijo que <strong>\u201cesta es una instancia muy importante, porque nosotros somos la \u00faltima localidad de la comuna y tenemos muchas deficiencias. En el sector m\u00e1s alto no tenemos agua potable, hemos luchado 15 a\u00f1os para que este proyecto sea una realidad y ahora se est\u00e1n haciendo los trabajos, pero a mi entender no de la mejor manera. Ah\u00ed radica la importancia de la participaci\u00f3n ciudadana, nosotros sabemos la realidad, a la que no responden proyectos que se hacen entre 4 paredes\u201d.<\/strong><\/p>\n<p>Berta Cort\u00e9s, cuyo emprendimiento \u201cLas Bertas\u201d se ubica en la localidad de Fundina, cuenta que trabajan productos que rescatan tradiciones de la zona, adem\u00e1s de contar con servicio de banqueter\u00eda.<\/p>\n<p>Desde su rubro, detall\u00f3 que <strong>\u201cyo trabajo con servicios tur\u00edsticos y la conectividad y el alcantarillado son s\u00faper importantes hoy en R\u00edo Hurtado hay muchos emprendedores que necesitan sacar su resoluci\u00f3n sanitaria para ofrecer servicios tur\u00edsticos a quienes nos vienen a visitar. La conectividad tambi\u00e9n implica se\u00f1al de tel\u00e9fono, porque muchos nos hemos actualizado para pago con red compra y se hace dif\u00edcil por la se\u00f1al\u201d.<\/strong><\/p>\n<p>Experiencias que fueron conversadas, socializadas y resumidas en un trabajo que se dividi\u00f3 en mesas, cuyos resultados ser\u00e1n sumados a los de las dem\u00e1s comunas de este nuevo territorio. Estas ser\u00e1n las bases para el nuevo plan que se desarrollar\u00e1 durante todo el 2022 para iniciar su ejecuci\u00f3n en 2023, con una extensi\u00f3n de 8 a\u00f1os.<\/p>\n<p>Como explic\u00f3 Rodrigo Guti\u00e9rrez, Coordinador del programa de Gesti\u00f3n Territorial de Zonas Rezagadas, <strong>\u201cesta es la primera mesa del nuevo territorio, y este trabajo se va a replicar en Andacollo, Vicu\u00f1a y La Higuera, donde esperamos tener mesas de trabajo m\u00e1s tem\u00e1ticas y poder juntar a los representantes de cada una de las ellas en las 4 comunas. Buscamos que este programa se vaya validando con la participaci\u00f3n ciudadana, que las mejoras nazcan desde abajo hacia arriba y no al rev\u00e9s, que es lo que generalmente pasa con las pol\u00edticas p\u00fablicas, hoy estamos en un proceso de descentralizaci\u00f3n en que apostamos por Gobiernos Regionales y locales, en que necesitamos que las iniciativas surjan desde las bases\u201d.<\/strong><\/p>\n<p>Tras el diagn\u00f3stico, se entregar\u00e1 un plan de trabajo durante 2023, que ser\u00e1 presentado a SUBDERE para su validaci\u00f3n de acuerdo a las l\u00edneas de acci\u00f3n que financian estos planes. Una vez aprobado, se podr\u00e1 solicitar financiamiento para empezar con las iniciativas, proyectos e interlocuci\u00f3n con los dem\u00e1s servicios desde 2023. Se trata de concursos especiales e inversi\u00f3n directa para estas comunas en rezago.<\/p>\n","protected":false},"excerpt":{"rendered":"<p>El mismo proceso se realizar\u00e1 en Vicu\u00f1a, Andacollo y La Higuera, con el fin de levantar un programa de trabajo con iniciativas relevantes que comience su ejecuci\u00f3n en 2023.<\/p>\n","protected":false},"author":2,"featured_media":6288,"comment_status":"open","ping_status":"open","sticky":false,"template":"","format":"standard","meta":{"footnotes":""},"categories":[5],"tags":[],"class_list":["post-6287","post","type-post","status-publish","format-standard","has-post-thumbnail","hentry","category-actualidad-limarina"],"_links":{"self":[{"href":"https:\/\/www.radiolimari.cl\/index.php?rest_route=\/wp\/v2\/posts\/6287","targetHints":{"allow":["GET"]}}],"collection":[{"href":"https:\/\/www.radiolimari.cl\/index.php?rest_route=\/wp\/v2\/posts"}],"about":[{"href":"https:\/\/www.radiolimari.cl\/index.php?rest_route=\/wp\/v2\/types\/post"}],"author":[{"embeddable":true,"href":"https:\/\/www.radiolimari.cl\/index.php?rest_route=\/wp\/v2\/users\/2"}],"replies":[{"embeddable":true,"href":"https:\/\/www.radiolimari.cl\/index.php?rest_route=%2Fwp%2Fv2%2Fcomments&post=6287"}],"version-history":[{"count":1,"href":"https:\/\/www.radiolimari.cl\/index.php?rest_route=\/wp\/v2\/posts\/6287\/revisions"}],"predecessor-version":[{"id":6289,"href":"https:\/\/www.radiolimari.cl\/index.php?rest_route=\/wp\/v2\/posts\/6287\/revisions\/6289"}],"wp:featuredmedia":[{"embeddable":true,"href":"https:\/\/www.radiolimari.cl\/index.php?rest_route=\/wp\/v2\/media\/6288"}],"wp:attachment":[{"href":"https:\/\/www.radiolimari.cl\/index.php?rest_route=%2Fwp%2Fv2%2Fmedia&parent=6287"}],"wp:term":[{"taxonomy":"category","embeddable":true,"href":"https:\/\/www.radiolimari.cl\/index.php?rest_route=%2Fwp%2Fv2%2Fcategories&post=6287"},{"taxonomy":"post_tag","embeddable":true,"href":"https:\/\/www.radiolimari.cl\/index.php?rest_route=%2Fwp%2Fv2%2Ftags&post=6287"}],"curies":[{"name":"wp","href":"https:\/\/api.w.org\/{rel}","templated":true}]}}