{"id":6283,"date":"2021-11-19T19:03:47","date_gmt":"2021-11-19T19:03:47","guid":{"rendered":"http:\/\/www.radiolimari.cl\/?p=6283"},"modified":"2021-11-19T19:03:47","modified_gmt":"2021-11-19T19:03:47","slug":"elecciones-generales-rio-hurtado-estrena-cambio-en-uno-de-los-locales-de-votacion-para-este-domingo","status":"publish","type":"post","link":"https:\/\/www.radiolimari.cl\/?p=6283","title":{"rendered":"Elecciones Generales: R\u00edo Hurtado estrena cambio en uno de los locales de votaci\u00f3n para este domingo"},"content":{"rendered":"<p><a href=\"https:\/\/www.radiolimari.cl\/wp-content\/uploads\/2021\/11\/19.11-Votaciones-Samo-Alto-2021.jpeg\"><img fetchpriority=\"high\" decoding=\"async\" class=\"alignnone size-medium wp-image-6284\" src=\"https:\/\/www.radiolimari.cl\/wp-content\/uploads\/2021\/11\/19.11-Votaciones-Samo-Alto-2021-300x168.jpeg\" alt=\"19.11 Votaciones Samo Alto 2021\" width=\"300\" height=\"168\" srcset=\"https:\/\/www.radiolimari.cl\/wp-content\/uploads\/2021\/11\/19.11-Votaciones-Samo-Alto-2021-300x168.jpeg 300w, https:\/\/www.radiolimari.cl\/wp-content\/uploads\/2021\/11\/19.11-Votaciones-Samo-Alto-2021.jpeg 1024w\" sizes=\"(max-width: 300px) 100vw, 300px\" \/><\/a><\/p>\n<p>Las elecciones presidenciales, parlamentarias y Cores sufrir\u00e1n un cambio de local de votaci\u00f3n en la comuna, en la cual el Sal\u00f3n de Eventos Municipal ubicado en la plaza de Samo Alto ser\u00e1 el nuevo centro que permitir\u00e1 acoger a 12 mesas disponibles.<!--more--><\/p>\n<p>Cumpliendo todos los resguardos sanitarios, este domingo se celebrar\u00e1 una jornada democr\u00e1tica m\u00e1s en el pa\u00eds y R\u00edo Hurtado no es la excepci\u00f3n, ya que los ciudadanos podr\u00e1n elegir al pr\u00f3ximo Presidente de la Rep\u00fablica, diputados, senadores y consejeros regionales.<\/p>\n<p>El proceso ya comenz\u00f3 en R\u00edo Hurtado con la ocupaci\u00f3n de los locales de votaci\u00f3n por los efectivos militares. El Jefe de Fuerza que fue designado para la comuna es el Mayor de Ej\u00e9rcito, Julio Adasme Barriga, quien lidera los resguardos de los centros de votaci\u00f3n para garantizar el orden del proceso eleccionario.<\/p>\n<p>Una de las novedades en la comuna ser\u00e1 el cambio del lugar de votaci\u00f3n en Samo Alto, donde en esta oportunidad ser\u00e1 el Sal\u00f3n de Eventos Municipal, ubicado en la plaza de Samo Alto, que acoger\u00e1 las 12 mesas disponibles que recibir\u00e1 a gran parte de los votantes comunales.<\/p>\n<p>La alcaldesa Carmen Juana Olivares recorri\u00f3 el nuevo centro de votaci\u00f3n que permitir\u00e1 entregar mejores condiciones de accesibilidad a las personas con discapacidad y adultos mayores de la comuna.<\/p>\n<p>\u201cVamos a poder contar con un local de votaci\u00f3n amplio, que cuenta con estacionamiento, servicios higi\u00e9nicos y tambi\u00e9n es un lugar adecuado para agatizar a las personas con movilidad reducido o con discapacidad voten de manera segura, pueden transitar tranquilamente, no tiene desniveles y se podr\u00e1n acercar de mejor forma. Adem\u00e1s, los comerciantes podr\u00e1n instalarse en la plaza, en un lugar seguro tambi\u00e9n para ellos\u201d, dijo la autoridad comunal.<\/p>\n<p>El Mayor Julio Adasme, jefe de las Fuerzas del Ej\u00e9rcito en Samo Alto, quien manifest\u00f3 su labor que realizar\u00e1n en la jornada democr\u00e1tica de este fin de semana.<\/p>\n<p>\u201cEsperamos que sea un proceso normal y tranquilo, tenemos accesos se\u00f1alados y el llamado es a las personas a votar con tranquilidad, el lugar de votaci\u00f3n estar\u00e1 funcionando en el horario establecido, nosotros estaremos ayud\u00e1ndolos junto con Carabineros, tanto en Samo Alto como en Hurtado\u201d, dijo.<\/p>\n<p>Mientras Carabineros estar\u00e1 presente brindando seguridad a los electores para el domingo, desde las 06.00 horas en los locales de votaci\u00f3n, y llam\u00f3 a los votantes a concurrir con tranquilidad.<\/p>\n<p>Recordemos que son dos los locales de votaci\u00f3n en la comuna de R\u00edo Hurtado. En la Escuela Amanecer de Hurtado, con seis mesas disponibles, y el mencionado recinto del Sal\u00f3n de Eventos Municipal, en la plaza de Samo Alto, que tendr\u00e1 a disposici\u00f3n 12 mesas.<\/p>\n<p>El llamado de las autoridades es a participar de las elecciones, junto con cumplir estrictamente las medidas sanitarias para evitar contagios de la Covid-19, mediante el correcto uso de la mascarilla y el mantenimiento de la distancia social.<\/p>\n","protected":false},"excerpt":{"rendered":"<p>Las elecciones presidenciales, parlamentarias y Cores sufrir\u00e1n un cambio de local de votaci\u00f3n en la comuna, en la cual el Sal\u00f3n de Eventos Municipal ubicado en la plaza de Samo Alto ser\u00e1 el nuevo centro que permitir\u00e1 acoger a 12 mesas disponibles.<\/p>\n","protected":false},"author":2,"featured_media":6284,"comment_status":"open","ping_status":"open","sticky":false,"template":"","format":"standard","meta":{"footnotes":""},"categories":[3],"tags":[],"class_list":["post-6283","post","type-post","status-publish","format-standard","has-post-thumbnail","hentry","category-actualidad"],"_links":{"self":[{"href":"https:\/\/www.radiolimari.cl\/index.php?rest_route=\/wp\/v2\/posts\/6283","targetHints":{"allow":["GET"]}}],"collection":[{"href":"https:\/\/www.radiolimari.cl\/index.php?rest_route=\/wp\/v2\/posts"}],"about":[{"href":"https:\/\/www.radiolimari.cl\/index.php?rest_route=\/wp\/v2\/types\/post"}],"author":[{"embeddable":true,"href":"https:\/\/www.radiolimari.cl\/index.php?rest_route=\/wp\/v2\/users\/2"}],"replies":[{"embeddable":true,"href":"https:\/\/www.radiolimari.cl\/index.php?rest_route=%2Fwp%2Fv2%2Fcomments&post=6283"}],"version-history":[{"count":1,"href":"https:\/\/www.radiolimari.cl\/index.php?rest_route=\/wp\/v2\/posts\/6283\/revisions"}],"predecessor-version":[{"id":6285,"href":"https:\/\/www.radiolimari.cl\/index.php?rest_route=\/wp\/v2\/posts\/6283\/revisions\/6285"}],"wp:featuredmedia":[{"embeddable":true,"href":"https:\/\/www.radiolimari.cl\/index.php?rest_route=\/wp\/v2\/media\/6284"}],"wp:attachment":[{"href":"https:\/\/www.radiolimari.cl\/index.php?rest_route=%2Fwp%2Fv2%2Fmedia&parent=6283"}],"wp:term":[{"taxonomy":"category","embeddable":true,"href":"https:\/\/www.radiolimari.cl\/index.php?rest_route=%2Fwp%2Fv2%2Fcategories&post=6283"},{"taxonomy":"post_tag","embeddable":true,"href":"https:\/\/www.radiolimari.cl\/index.php?rest_route=%2Fwp%2Fv2%2Ftags&post=6283"}],"curies":[{"name":"wp","href":"https:\/\/api.w.org\/{rel}","templated":true}]}}