{"id":6280,"date":"2021-11-19T18:57:49","date_gmt":"2021-11-19T18:57:49","guid":{"rendered":"http:\/\/www.radiolimari.cl\/?p=6280"},"modified":"2021-11-19T18:58:02","modified_gmt":"2021-11-19T18:58:02","slug":"elecciones-generales-direccion-del-trabajo-fiscalizara-permiso-de-2-horas-para-que-trabajadores-voten-en-elecciones-de-este-domingo-21","status":"publish","type":"post","link":"https:\/\/www.radiolimari.cl\/?p=6280","title":{"rendered":"Elecciones Generales: Direcci\u00f3n del Trabajo fiscalizar\u00e1 permiso de 2 horas para que trabajadores voten en elecciones de este domingo 21"},"content":{"rendered":"<p><a href=\"https:\/\/www.radiolimari.cl\/wp-content\/uploads\/2021\/11\/19.11-Fisca-11-trabajo.jpeg\"><img fetchpriority=\"high\" decoding=\"async\" class=\"alignnone size-medium wp-image-6281\" src=\"https:\/\/www.radiolimari.cl\/wp-content\/uploads\/2021\/11\/19.11-Fisca-11-trabajo-300x225.jpeg\" alt=\"19.11 Fisca 11 trabajo\" width=\"300\" height=\"225\" srcset=\"https:\/\/www.radiolimari.cl\/wp-content\/uploads\/2021\/11\/19.11-Fisca-11-trabajo-300x225.jpeg 300w, https:\/\/www.radiolimari.cl\/wp-content\/uploads\/2021\/11\/19.11-Fisca-11-trabajo-1024x768.jpeg 1024w, https:\/\/www.radiolimari.cl\/wp-content\/uploads\/2021\/11\/19.11-Fisca-11-trabajo.jpeg 1600w\" sizes=\"(max-width: 300px) 100vw, 300px\" \/><\/a><\/p>\n<p><strong><em>El organismo fiscalizador verificar\u00e1 este derecho en el caso de aquellos trabajadores que deban laborar ese d\u00eda. Denuncias podr\u00e1n hacerse por v\u00eda telef\u00f3nica al n\u00famero 600 450 4000.<\/em><\/strong><!--more--><\/p>\n<p style=\"text-align: justify;\"><span style=\"font-size: 14.0pt; font-family: 'Calibri',sans-serif; color: black;\">La Direcci\u00f3n del Trabajo (DT) anunci\u00f3 que fiscalizar\u00e1 este domingo 21 de noviembre, d\u00eda de las elecciones presidenciales, parlamentarias y de consejeros regionales, que se respete el derecho a sufragio de los trabajadores que deban laborar ese d\u00eda y tambi\u00e9n el feriado obligatorio e irrenunciable de aquellos que laboran en malls y strip center administrados bajo una misma raz\u00f3n social o personalidad jur\u00eddica.<\/span><\/p>\n<p style=\"text-align: justify;\"><span style=\"font-size: 14.0pt; font-family: 'Calibri',sans-serif; color: black;\">En este sentido el Seremi del Trabajo, Mat\u00edas Villalobos, explic\u00f3 que \u201clos trabajadores que les corresponda prestar servicios durante el d\u00eda de la elecci\u00f3n tienen derecho a dos horas de permiso sin que ello pueda implicar un menoscabo en sus remuneraciones. El llamado que hacemos a los empleadores es que cumplan siempre con la normativa laboral y puedan llegar a acuerdos con los trabajadores de tal forma que se respete el derecho a sufragio\u201d.<\/span><\/p>\n<p style=\"text-align: justify;\"><span style=\"font-size: 14.0pt; font-family: 'Calibri',sans-serif; color: black;\">Respecto al funcionamiento de locales comerciales el Director del Trabajo, Rodrigo Fernandez, explic\u00f3 que \u201cla norma legal imperante durante la jornada electoral considera el feriado obligatorio e irrenunciable espec\u00edficamente para los trabajadores que laboren en malls, strip center u otros centros comerciales con varios locales administrados por una misma raz\u00f3n social o personalidad jur\u00eddica. Sin embargo, quedan exceptuados de esta norma quienes trabajan en otro tipo de comercio, como supermercados y tiendas ajenas a los complejos comerciales con administraci\u00f3n \u00fanica. Tambi\u00e9n quedan exceptuados de esta norma los dependientes de servicentros, farmacias de urgencia y de turno\u201d.<\/span><\/p>\n<p style=\"text-align: justify;\"><span style=\"font-size: 14.0pt; font-family: 'Calibri',sans-serif; color: black;\">Respecto del permiso para sufragar, la DT inform\u00f3 que se fiscalizar\u00e1 el otorgamiento de permiso de dos horas para sufragar a aquellos trabajadores que deban laborar ese d\u00eda, con sanciones de entre 3 y 60 Unidades Tributarias Mensuales por infracci\u00f3n. Es decir, fluctuar\u00e1n entre los $160.428 y los $3.208.560, dependiendo de si la empresa es micro, peque\u00f1a, mediana o grande. <\/span><\/p>\n<p style=\"text-align: justify;\"><span style=\"font-size: 14.0pt; font-family: 'Calibri',sans-serif; color: black;\">Adem\u00e1s, el incumplimiento a la normativa de descanso para trabajadores en aquellos casos en que se presten servicios en centros o complejos comerciales administrados bajo una misma raz\u00f3n social o personalidad jur\u00eddica. Las sanciones fluct\u00faan de entre 3 y 60 Unidades Tributarias Mensuales por infracci\u00f3n dependiendo del tama\u00f1o de la empresa.<\/span><\/p>\n<p style=\"text-align: justify;\"><span style=\"font-size: 14.0pt; font-family: 'Calibri',sans-serif; color: black;\">El organismo anunci\u00f3 que se fiscalizar\u00e1n las denuncias que sean recibidas en el Canal de Atenci\u00f3n Telef\u00f3nica, en el n\u00famero 600 450 4000, entre las 09:00 y las 14:00 horas del domingo 21.<\/span><\/p>\n<p style=\"text-align: justify;\"><span style=\"font-size: 14.0pt; font-family: 'Calibri',sans-serif; color: black;\">\u00a0<\/span><\/p>\n<p style=\"text-align: justify;\"><span style=\"font-size: 16.0pt; font-family: 'Calibri',sans-serif; color: black;\">\u00a0<\/span><\/p>\n","protected":false},"excerpt":{"rendered":"<p>El organismo fiscalizador verificar\u00e1 este derecho en el caso de aquellos trabajadores que deban laborar ese d\u00eda. Denuncias podr\u00e1n hacerse por v\u00eda telef\u00f3nica al n\u00famero 600 450 4000.<\/p>\n","protected":false},"author":2,"featured_media":6281,"comment_status":"open","ping_status":"open","sticky":false,"template":"","format":"standard","meta":{"footnotes":""},"categories":[3],"tags":[],"class_list":["post-6280","post","type-post","status-publish","format-standard","has-post-thumbnail","hentry","category-actualidad"],"_links":{"self":[{"href":"https:\/\/www.radiolimari.cl\/index.php?rest_route=\/wp\/v2\/posts\/6280","targetHints":{"allow":["GET"]}}],"collection":[{"href":"https:\/\/www.radiolimari.cl\/index.php?rest_route=\/wp\/v2\/posts"}],"about":[{"href":"https:\/\/www.radiolimari.cl\/index.php?rest_route=\/wp\/v2\/types\/post"}],"author":[{"embeddable":true,"href":"https:\/\/www.radiolimari.cl\/index.php?rest_route=\/wp\/v2\/users\/2"}],"replies":[{"embeddable":true,"href":"https:\/\/www.radiolimari.cl\/index.php?rest_route=%2Fwp%2Fv2%2Fcomments&post=6280"}],"version-history":[{"count":1,"href":"https:\/\/www.radiolimari.cl\/index.php?rest_route=\/wp\/v2\/posts\/6280\/revisions"}],"predecessor-version":[{"id":6282,"href":"https:\/\/www.radiolimari.cl\/index.php?rest_route=\/wp\/v2\/posts\/6280\/revisions\/6282"}],"wp:featuredmedia":[{"embeddable":true,"href":"https:\/\/www.radiolimari.cl\/index.php?rest_route=\/wp\/v2\/media\/6281"}],"wp:attachment":[{"href":"https:\/\/www.radiolimari.cl\/index.php?rest_route=%2Fwp%2Fv2%2Fmedia&parent=6280"}],"wp:term":[{"taxonomy":"category","embeddable":true,"href":"https:\/\/www.radiolimari.cl\/index.php?rest_route=%2Fwp%2Fv2%2Fcategories&post=6280"},{"taxonomy":"post_tag","embeddable":true,"href":"https:\/\/www.radiolimari.cl\/index.php?rest_route=%2Fwp%2Fv2%2Ftags&post=6280"}],"curies":[{"name":"wp","href":"https:\/\/api.w.org\/{rel}","templated":true}]}}