{"id":6277,"date":"2021-11-19T18:20:49","date_gmt":"2021-11-19T18:20:49","guid":{"rendered":"http:\/\/www.radiolimari.cl\/?p=6277"},"modified":"2021-11-19T18:20:49","modified_gmt":"2021-11-19T18:20:49","slug":"elecciones-generales-se-implementan-medidas-para-un-voto-seguro-en-la-provincia-de-limari","status":"publish","type":"post","link":"https:\/\/www.radiolimari.cl\/?p=6277","title":{"rendered":"Elecciones  Generales: Se Implementan medidas para un voto seguro en la provincia de Limar\u00ed"},"content":{"rendered":"<p>&nbsp;<\/p>\n<p><a href=\"https:\/\/www.radiolimari.cl\/wp-content\/uploads\/2021\/11\/19.11-DPP-LIMARI-REUNI\u00d3N-DE-COORDINACI\u00d3N-1.jpg\"><img fetchpriority=\"high\" decoding=\"async\" class=\"alignnone size-medium wp-image-6278\" src=\"https:\/\/www.radiolimari.cl\/wp-content\/uploads\/2021\/11\/19.11-DPP-LIMARI-REUNI\u00d3N-DE-COORDINACI\u00d3N-1-300x225.jpg\" alt=\"19.11 DPP LIMARI REUNI\u00d3N DE COORDINACI\u00d3N (1)\" width=\"300\" height=\"225\" srcset=\"https:\/\/www.radiolimari.cl\/wp-content\/uploads\/2021\/11\/19.11-DPP-LIMARI-REUNI\u00d3N-DE-COORDINACI\u00d3N-1-300x225.jpg 300w, https:\/\/www.radiolimari.cl\/wp-content\/uploads\/2021\/11\/19.11-DPP-LIMARI-REUNI\u00d3N-DE-COORDINACI\u00d3N-1-1024x768.jpg 1024w, https:\/\/www.radiolimari.cl\/wp-content\/uploads\/2021\/11\/19.11-DPP-LIMARI-REUNI\u00d3N-DE-COORDINACI\u00d3N-1.jpg 1600w\" sizes=\"(max-width: 300px) 100vw, 300px\" \/><\/a><\/p>\n<p>&nbsp;<\/p>\n<p><strong><em>Tanto la seguridad p\u00fablica como los protocolos sanitarios ser\u00e1n monitoreados constantemente durante las jornadas previas y tambi\u00e9n durante los comicios de\u00a0 este domingo<\/em><\/strong><!--more--><\/p>\n<p>La delegaci\u00f3n Presidencial Provincial (DPP) de Limar\u00ed realiz\u00f3 una importante reuni\u00f3n de coordinaci\u00f3n en materia de seguridad p\u00fablica de cara a lo que ser\u00e1n las elecciones generales de este domingo 21 de noviembre. En la instancia encabezada por el DPP Iv\u00e1n Espinoza participaron carabineros, PDI, SEREMI de salud, equipos de emergencia y seguridad de la provincia.<\/p>\n<p>\u201cEstamos a pocos d\u00edas de un evento ciudadano de gran importancia para el futuro de nuestro pa\u00eds, queremos que las personas puedan participar de forma masiva de estas elecciones y que se representen en los votos, una gran participaci\u00f3n ciudadana. En este contexto hemos coordinado con las instituciones un amplio despliegue territorial en materia de seguridad p\u00fablica y vigilancia tambi\u00e9n de los protocolos sanitarios en los locales de votaci\u00f3n para promover el voto seguro\u201d, se\u00f1al\u00f3 el Delegado presidencial Iv\u00e1n Espinoza.<\/p>\n<p>Adem\u00e1s la m\u00e1xima autoridad provincial destaca la vacunaci\u00f3n como un proceso que facilita la participaci\u00f3n ciudadana, en este sentido explic\u00f3 que \u201cEstad\u00edsticamente contamos con la gran mayor\u00eda de adultos mayores que ya han recibido su tercera dosis y los par\u00e1metros de vacunaci\u00f3n indican tambi\u00e9n que la mayor\u00eda de ciudadanos de nuestra provincia cuentan con su esquema de vacunaci\u00f3n, por lo que el contexto sanitario actual permite que podamos concurrir a votar con mayor seguridad, siempre respetando las medidas por todos conocidas y que nos han acompa\u00f1ado durante la pandemia\u201d.<\/p>\n<p>En total ser\u00e1n 28 locales de votaci\u00f3n y 464 mesas que esperan a los votantes de toda la provincia, mientras que las autoridades ya han coordinado el monitoreo constante de la seguridad p\u00fablica, como los protocolos sanitarios durante las jornadas previas y tambi\u00e9n durante los comicios.<\/p>\n","protected":false},"excerpt":{"rendered":"<p>&nbsp; &nbsp; Tanto la seguridad p\u00fablica como los protocolos sanitarios ser\u00e1n monitoreados constantemente durante las jornadas previas y tambi\u00e9n durante los comicios de\u00a0 este domingo<\/p>\n","protected":false},"author":2,"featured_media":6278,"comment_status":"open","ping_status":"open","sticky":false,"template":"","format":"standard","meta":{"footnotes":""},"categories":[3],"tags":[],"class_list":["post-6277","post","type-post","status-publish","format-standard","has-post-thumbnail","hentry","category-actualidad"],"_links":{"self":[{"href":"https:\/\/www.radiolimari.cl\/index.php?rest_route=\/wp\/v2\/posts\/6277","targetHints":{"allow":["GET"]}}],"collection":[{"href":"https:\/\/www.radiolimari.cl\/index.php?rest_route=\/wp\/v2\/posts"}],"about":[{"href":"https:\/\/www.radiolimari.cl\/index.php?rest_route=\/wp\/v2\/types\/post"}],"author":[{"embeddable":true,"href":"https:\/\/www.radiolimari.cl\/index.php?rest_route=\/wp\/v2\/users\/2"}],"replies":[{"embeddable":true,"href":"https:\/\/www.radiolimari.cl\/index.php?rest_route=%2Fwp%2Fv2%2Fcomments&post=6277"}],"version-history":[{"count":1,"href":"https:\/\/www.radiolimari.cl\/index.php?rest_route=\/wp\/v2\/posts\/6277\/revisions"}],"predecessor-version":[{"id":6279,"href":"https:\/\/www.radiolimari.cl\/index.php?rest_route=\/wp\/v2\/posts\/6277\/revisions\/6279"}],"wp:featuredmedia":[{"embeddable":true,"href":"https:\/\/www.radiolimari.cl\/index.php?rest_route=\/wp\/v2\/media\/6278"}],"wp:attachment":[{"href":"https:\/\/www.radiolimari.cl\/index.php?rest_route=%2Fwp%2Fv2%2Fmedia&parent=6277"}],"wp:term":[{"taxonomy":"category","embeddable":true,"href":"https:\/\/www.radiolimari.cl\/index.php?rest_route=%2Fwp%2Fv2%2Fcategories&post=6277"},{"taxonomy":"post_tag","embeddable":true,"href":"https:\/\/www.radiolimari.cl\/index.php?rest_route=%2Fwp%2Fv2%2Ftags&post=6277"}],"curies":[{"name":"wp","href":"https:\/\/api.w.org\/{rel}","templated":true}]}}