{"id":6274,"date":"2021-11-18T19:08:22","date_gmt":"2021-11-18T19:08:22","guid":{"rendered":"http:\/\/www.radiolimari.cl\/?p=6274"},"modified":"2021-11-18T19:08:22","modified_gmt":"2021-11-18T19:08:22","slug":"delegado-presidencial-ignacio-pinto-nuestra-voluntad-es-abrir-agua-negra-en-el-segundo-grupo-de-pasos-fronterizos","status":"publish","type":"post","link":"https:\/\/www.radiolimari.cl\/?p=6274","title":{"rendered":"Delegado Presidencial, Ignacio Pinto: \u201cNuestra voluntad es abrir Agua Negra en el segundo grupo de pasos fronterizos\u201d"},"content":{"rendered":"<p><a href=\"https:\/\/www.radiolimari.cl\/wp-content\/uploads\/2021\/11\/18.11-paso-agua-negra.jpg\"><img fetchpriority=\"high\" decoding=\"async\" class=\"alignnone size-medium wp-image-6275\" src=\"https:\/\/www.radiolimari.cl\/wp-content\/uploads\/2021\/11\/18.11-paso-agua-negra-300x200.jpg\" alt=\"18.11 paso agua negra\" width=\"300\" height=\"200\" srcset=\"https:\/\/www.radiolimari.cl\/wp-content\/uploads\/2021\/11\/18.11-paso-agua-negra-300x200.jpg 300w, https:\/\/www.radiolimari.cl\/wp-content\/uploads\/2021\/11\/18.11-paso-agua-negra.jpg 1024w\" sizes=\"(max-width: 300px) 100vw, 300px\" \/><\/a><\/p>\n<p><strong><em>La autoridad regional indic\u00f3 que se est\u00e1n desarrollando diversas gestiones para que el paso pueda abrirse prontamente. \u201cA partir del primero de enero estar\u00edamos en condiciones de recibir turistas argentinos, siempre y cuando la situaci\u00f3n sanitaria lo determine\u201d indic\u00f3<\/em><\/strong><!--more--><\/p>\n<p>Diversas inversiones se han ejecutado en el complejo Fronterizo Agua Negra para habilitar espacios e implementar protocolos covid, garantizando las mejores condiciones de seguridad sanitaria tanto para los funcionarios como para los visitantes.<\/p>\n<p>Indicaciones dispuestas por el Ministerio de Salud, adem\u00e1s de toda una coordinaci\u00f3n con Carabineros, Investigaciones, personal del SAG, Vialidad y Aduanas que demuestran que la Regi\u00f3n de Coquimbo ha cumplido con los compromisos de tener en buenas condiciones el recinto para los turistas, especialmente para quienes cruzan desde San Juan, Argentina.<\/p>\n<p>En este contexto, el Delegado Presidencial de Coquimbo, Ignacio Pinto, coment\u00f3 que <strong>\u201chemos hecho un trabajo desde el punto de vista vial y de operaci\u00f3n del Paso Agua Negra, el que est\u00e1 con todas las condiciones para poder funcionar pero depende del criterio de salud, especialmente, para saber cu\u00e1l va a ser la decisi\u00f3n que se adopte y cu\u00e1ndo podr\u00eda entrar en operaci\u00f3n\u201d<\/strong>.<\/p>\n<p>Por eso es que la autoridad manifest\u00f3 que, si bien se anunci\u00f3 una apertura programada de tres pasos fronterizos terrestres a partir del primero de diciembre, <strong>\u201cla posibilidad de que Agua Negra se mantenga funcionando en el verano se mantiene vigente. Esperamos que el escenario sanitario durante el mes de enero sea favorable y que podamos estar con el paso en operaci\u00f3n para poder recibir a los visitantes\u201d<\/strong>.<\/p>\n<p>Los primeros recintos fronterizos que abrir\u00e1n son Colchane, Chacalluta y Pino Hachado, una decisi\u00f3n que busca reestablecer puntos claves de conectividad y de nexo con los pa\u00edses vecinos.<\/p>\n<p><strong>\u201cNuestra voluntad es abrir el complejo Agua Negra en el segundo grupo de pasos fronterizos cuando se abrir\u00e1n al menos otros tres pasos que van a permitir el flujo de personas hacia los distintos lugares de nuestro pa\u00eds. Eso implicar\u00eda que a partir del primero de enero podr\u00edamos estar en condiciones de recibir turistas argentinos, siempre y cuando la situaci\u00f3n sanitaria as\u00ed lo determine\u201d<\/strong>, consign\u00f3 el Delegado Pinto.<\/p>\n<p>La autoridad agreg\u00f3 que ya se han desarrollado conversaciones con los Ministerios del Interior, Econom\u00eda y Salud considerando el compromiso de la regi\u00f3n de disponer todas las medidas de seguridad y sanitarias para que el Paso, una vez en funcionamiento, ofrezca las garant\u00edas necesarias para funcionarios y los ingresos y salidas de turistas.<\/p>\n<p>De esta manera, en los pr\u00f3ximos d\u00edas de tendr\u00e1 una evaluaci\u00f3n preliminar sobre la operaci\u00f3n de los primeros pasos y conocer cu\u00e1l ser\u00e1 la decisi\u00f3n del Gobierno respecto a los nuevos lugares que puedan abrir en el mes de enero.<\/p>\n<p>Se trata de todo un trabajo que incluso fue informado directamente por el Delegado Ignacio Pinto al Gobernador de la Provincia de San Juan, Sergio U\u00f1ac, con quien plante\u00f3 la creaci\u00f3n de una mesa de trabajo binacional para conocer los preparativos y las condiciones del paso por el lado argentino.<\/p>\n<p><strong>\u201cLo hemos conversado con \u00e9l y vamos a tener una conversaci\u00f3n fluida al respecto. Le manifest\u00e9 nuestra voluntad de que Agua Negra se mantenga abierto durante el verano porque sabemos de la importancia que tiene para muchos sanjuaninos que quieren viajar a nuestra zona y vivir un verano reponedor, y cuando sea el momento, los recibiremos muy bien y con las condiciones de salud y seguridad que corresponden\u201d<\/strong>, finaliz\u00f3.<\/p>\n","protected":false},"excerpt":{"rendered":"<p>La autoridad regional indic\u00f3 que se est\u00e1n desarrollando diversas gestiones para que el paso pueda abrirse prontamente. \u201cA partir del primero de enero estar\u00edamos en condiciones de recibir turistas argentinos, siempre y cuando la situaci\u00f3n sanitaria lo determine\u201d indic\u00f3<\/p>\n","protected":false},"author":2,"featured_media":6275,"comment_status":"open","ping_status":"open","sticky":false,"template":"","format":"standard","meta":{"footnotes":""},"categories":[3],"tags":[],"class_list":["post-6274","post","type-post","status-publish","format-standard","has-post-thumbnail","hentry","category-actualidad"],"_links":{"self":[{"href":"https:\/\/www.radiolimari.cl\/index.php?rest_route=\/wp\/v2\/posts\/6274","targetHints":{"allow":["GET"]}}],"collection":[{"href":"https:\/\/www.radiolimari.cl\/index.php?rest_route=\/wp\/v2\/posts"}],"about":[{"href":"https:\/\/www.radiolimari.cl\/index.php?rest_route=\/wp\/v2\/types\/post"}],"author":[{"embeddable":true,"href":"https:\/\/www.radiolimari.cl\/index.php?rest_route=\/wp\/v2\/users\/2"}],"replies":[{"embeddable":true,"href":"https:\/\/www.radiolimari.cl\/index.php?rest_route=%2Fwp%2Fv2%2Fcomments&post=6274"}],"version-history":[{"count":1,"href":"https:\/\/www.radiolimari.cl\/index.php?rest_route=\/wp\/v2\/posts\/6274\/revisions"}],"predecessor-version":[{"id":6276,"href":"https:\/\/www.radiolimari.cl\/index.php?rest_route=\/wp\/v2\/posts\/6274\/revisions\/6276"}],"wp:featuredmedia":[{"embeddable":true,"href":"https:\/\/www.radiolimari.cl\/index.php?rest_route=\/wp\/v2\/media\/6275"}],"wp:attachment":[{"href":"https:\/\/www.radiolimari.cl\/index.php?rest_route=%2Fwp%2Fv2%2Fmedia&parent=6274"}],"wp:term":[{"taxonomy":"category","embeddable":true,"href":"https:\/\/www.radiolimari.cl\/index.php?rest_route=%2Fwp%2Fv2%2Fcategories&post=6274"},{"taxonomy":"post_tag","embeddable":true,"href":"https:\/\/www.radiolimari.cl\/index.php?rest_route=%2Fwp%2Fv2%2Ftags&post=6274"}],"curies":[{"name":"wp","href":"https:\/\/api.w.org\/{rel}","templated":true}]}}