{"id":6271,"date":"2021-11-18T19:00:56","date_gmt":"2021-11-18T19:00:56","guid":{"rendered":"http:\/\/www.radiolimari.cl\/?p=6271"},"modified":"2021-11-18T19:00:56","modified_gmt":"2021-11-18T19:00:56","slug":"inedito-programa-financiado-por-el-gobierno-regional-prepara-a-residentes-de-hogares-del-sename-para-su-egreso","status":"publish","type":"post","link":"https:\/\/www.radiolimari.cl\/?p=6271","title":{"rendered":"In\u00e9dito programa financiado por el Gobierno Regional prepara a residentes de hogares del SENAME para su egreso"},"content":{"rendered":"<p><a href=\"https:\/\/www.radiolimari.cl\/wp-content\/uploads\/2021\/11\/18.11-gobierno-regional.jpg\"><img fetchpriority=\"high\" decoding=\"async\" class=\"alignnone size-medium wp-image-6272\" src=\"https:\/\/www.radiolimari.cl\/wp-content\/uploads\/2021\/11\/18.11-gobierno-regional-300x199.jpg\" alt=\"18.11 gobierno regional\" width=\"300\" height=\"199\" srcset=\"https:\/\/www.radiolimari.cl\/wp-content\/uploads\/2021\/11\/18.11-gobierno-regional-300x199.jpg 300w, https:\/\/www.radiolimari.cl\/wp-content\/uploads\/2021\/11\/18.11-gobierno-regional.jpg 800w\" sizes=\"(max-width: 300px) 100vw, 300px\" \/><\/a><\/p>\n<p><strong>La iniciativa piloto \u201cProyecci\u00f3n hacia una vida independiente\u201d fue presentada por Corporaci\u00f3n ASOEM y beneficia a 53 ni\u00f1as, ni\u00f1os y adolescentes a trav\u00e9s de talleres vocacionales y capacitaciones.<\/strong><!--more--><\/p>\n<p>Como una forma de apoyar a las ni\u00f1as, ni\u00f1os y adolescentes residentes en hogares del ex SENAME, el Gobierno Regional est\u00e1 apoyando y financiando la iniciativa \u201cProyecci\u00f3n hacia una vida Independiente\u201d, que beneficiar\u00e1 a 53 personas con una inversi\u00f3n de $18 millones provenientes de los Fondos Concursables, en la l\u00ednea de Inter\u00e9s Regional del GORE.<\/p>\n<p>Un proyecto presentado por la Asociaci\u00f3n de Emprendimiento de Desarrollo Social y Laboral (ASOEM), sobre la que la Gobernadora Regional Krist Naranjo dijo que<strong> \u201cesta es una instancia muy importante dentro de las perspectivas de este nuevo Gobierno Regional, que tiene mucho que ver con la inclusi\u00f3n social, de nuestros ni\u00f1os, j\u00f3venes y adolescentes, que es esencial para nosotros. Sabemos que hay sectores que han sido muy vulnerados estos \u00faltimos a\u00f1os, el Sename mismo hoy est\u00e1 pasando a ser otro servicio, pero a\u00fan est\u00e1n en transformaci\u00f3n y no tienen una estructura funcional que sea efectiva para llegar de forma oportuna a todos estos ni\u00f1os, ni\u00f1as y adolescentes que hoy no tienen cobijo\u201d.<\/strong><strong>\u00a0<\/strong><\/p>\n<p>El objetivo de la iniciativa es abordar el importante desfase escolar que presentan las personas atendidas en estas residencias, asegurando que reciban las herramientas necesarias para ser autovalentes a su egreso, realizar actividades asalariadas o emprendimientos y poder insertarse y desenvolverse en sociedad.<\/p>\n<p>La Presidenta y fundadora de la Asociaci\u00f3n de Emprendimiento de Desarrollo Social y Laboral (ASOEM), Kimbelen Figueroa, detall\u00f3 que <strong>\u201ceste es un proyecto piloto en Chile. Nosotros queremos ser el reflejo de poder derribar las barreras en el egreso de los j\u00f3venes desde el sistema de protecci\u00f3n de Mejor Ni\u00f1ez y los egresos de justicia juvenil. Para nosotros es muy importante este financiamiento, porque nos da las herramientas para poder aportar con profesionales capacitados y con herramientas para la vida independiente desde una autonom\u00eda progresiva\u201d.<\/strong><strong>\u00a0<\/strong><\/p>\n<p>Se trata de un set de cursos y capacitaciones que consideran taller vocacional, formaci\u00f3n en el oficio de estilista profesional y un curso de educaci\u00f3n financiera destinados a todos los j\u00f3venes que est\u00e9n prontos a egresar, considerando adem\u00e1s diversas falencias presentes en el sistema, como es la desescolarizaci\u00f3n, la drogodependencia, la falta de habilidades sociales e interpersonales, adem\u00e1s de que muchos no cuentan con un c\u00edrculo familiar.<\/p>\n<p>El objetivo final de la iniciativa es que, luego de desarrollado este piloto, y contando con resultados exitosos, pueda convertirse en una pol\u00edtica de Estado.<\/p>\n<p>&nbsp;<\/p>\n<p>&nbsp;<\/p>\n","protected":false},"excerpt":{"rendered":"<p>La iniciativa piloto \u201cProyecci\u00f3n hacia una vida independiente\u201d fue presentada por Corporaci\u00f3n ASOEM y beneficia a 53 ni\u00f1as, ni\u00f1os y adolescentes a trav\u00e9s de talleres vocacionales y capacitaciones.<\/p>\n","protected":false},"author":2,"featured_media":6272,"comment_status":"open","ping_status":"open","sticky":false,"template":"","format":"standard","meta":{"footnotes":""},"categories":[6],"tags":[],"class_list":["post-6271","post","type-post","status-publish","format-standard","has-post-thumbnail","hentry","category-regionales"],"_links":{"self":[{"href":"https:\/\/www.radiolimari.cl\/index.php?rest_route=\/wp\/v2\/posts\/6271","targetHints":{"allow":["GET"]}}],"collection":[{"href":"https:\/\/www.radiolimari.cl\/index.php?rest_route=\/wp\/v2\/posts"}],"about":[{"href":"https:\/\/www.radiolimari.cl\/index.php?rest_route=\/wp\/v2\/types\/post"}],"author":[{"embeddable":true,"href":"https:\/\/www.radiolimari.cl\/index.php?rest_route=\/wp\/v2\/users\/2"}],"replies":[{"embeddable":true,"href":"https:\/\/www.radiolimari.cl\/index.php?rest_route=%2Fwp%2Fv2%2Fcomments&post=6271"}],"version-history":[{"count":1,"href":"https:\/\/www.radiolimari.cl\/index.php?rest_route=\/wp\/v2\/posts\/6271\/revisions"}],"predecessor-version":[{"id":6273,"href":"https:\/\/www.radiolimari.cl\/index.php?rest_route=\/wp\/v2\/posts\/6271\/revisions\/6273"}],"wp:featuredmedia":[{"embeddable":true,"href":"https:\/\/www.radiolimari.cl\/index.php?rest_route=\/wp\/v2\/media\/6272"}],"wp:attachment":[{"href":"https:\/\/www.radiolimari.cl\/index.php?rest_route=%2Fwp%2Fv2%2Fmedia&parent=6271"}],"wp:term":[{"taxonomy":"category","embeddable":true,"href":"https:\/\/www.radiolimari.cl\/index.php?rest_route=%2Fwp%2Fv2%2Fcategories&post=6271"},{"taxonomy":"post_tag","embeddable":true,"href":"https:\/\/www.radiolimari.cl\/index.php?rest_route=%2Fwp%2Fv2%2Ftags&post=6271"}],"curies":[{"name":"wp","href":"https:\/\/api.w.org\/{rel}","templated":true}]}}