{"id":6268,"date":"2021-11-18T16:58:04","date_gmt":"2021-11-18T16:58:04","guid":{"rendered":"http:\/\/www.radiolimari.cl\/?p=6268"},"modified":"2021-11-19T19:07:31","modified_gmt":"2021-11-19T19:07:31","slug":"ovalle-contara-con-14-locales-de-votacion-para-las-elecciones-del-proximo-domingo","status":"publish","type":"post","link":"https:\/\/www.radiolimari.cl\/?p=6268","title":{"rendered":"Elecciones Generales: Ovalle contar\u00e1 con 14 locales de votaci\u00f3n para las elecciones del pr\u00f3ximo domingo"},"content":{"rendered":"<p><a href=\"https:\/\/www.radiolimari.cl\/wp-content\/uploads\/2021\/11\/18.11-Locales-de-Votaci\u00f3n-1.jpg\"><img fetchpriority=\"high\" decoding=\"async\" class=\"alignnone size-medium wp-image-6269\" src=\"https:\/\/www.radiolimari.cl\/wp-content\/uploads\/2021\/11\/18.11-Locales-de-Votaci\u00f3n-1-300x225.jpg\" alt=\"18.11 Locales de Votaci\u00f3n (1)\" width=\"300\" height=\"225\" srcset=\"https:\/\/www.radiolimari.cl\/wp-content\/uploads\/2021\/11\/18.11-Locales-de-Votaci\u00f3n-1-300x225.jpg 300w, https:\/\/www.radiolimari.cl\/wp-content\/uploads\/2021\/11\/18.11-Locales-de-Votaci\u00f3n-1.jpg 961w\" sizes=\"(max-width: 300px) 100vw, 300px\" \/><\/a><\/p>\n<p><strong><em>El municipio de Ovalle est\u00e1 a cargo de la log\u00edstica y de disponer de los establecimientos educacionales con casetas y urnas, para que los vocales de mesa y los votantes tengan todo lo necesario y se realice un proceso normal. En la comuna se habilitar\u00e1n 12 locales en la zona urbana y dos en el sector rural. <\/em><\/strong><!--more--><\/p>\n<p>Estamos a solo d\u00edas de las elecciones presidenciales, parlamentarias y de consejeros regionales. Es por esta raz\u00f3n, que el municipio de Ovalle ha trabajado, en las \u00faltimas semanas, en la log\u00edstica para que los 14 locales de votaci\u00f3n de la comuna est\u00e9n en buenas condiciones y\u00a0 cuenten con todo lo necesario, para desarrollar un proceso eleccionario con normalidad, el pr\u00f3ximo domingo desde las 8 de la ma\u00f1ana hasta las 18 horas.<\/p>\n<p>La administraci\u00f3n municipal habilit\u00f3 el Estadio Municipal Diaguita, que contar\u00e1 con dos locales, el Liceo Alejandro \u00c1lvarez Jofr\u00e9, Liceo Polit\u00e9cnico, Liceo Estela \u00c1vila Molina, el Liceo de Artes Eliseo Videla Jorquera y el Colegio Ra\u00fal Silva Henr\u00edquez. A estos recintos se suman el colegio de Administraci\u00f3n y Comercio El Ingenio y las escuelas Oscar Araya Molina, Fray Jorge, Arturo Alessandri y Antonio Tirado Lanas. Adem\u00e1s, de los dos locales de votaci\u00f3n de la zona rural que estar\u00e1n disponibles en las escuelas de Barraza Bajo y Cerrillos de Tamaya. En total en la comuna se habilitar\u00e1n 273 mesas, siendo el Liceo Polit\u00e9cnico el centro de votaci\u00f3n m\u00e1s grande de la comuna con 33 mesas.<\/p>\n<p>\u201cEl municipio de Ovalle en estas \u00faltimas semanas ha trabajado intensamente en habilitar los 14 locales de votaci\u00f3n de la comuna, 12 en la zona urbana y 2 en el sector rural, los cu\u00e1les contar\u00e1n con mesas, casetas y urnas, para que tanto los vocales de mesa, como los votantes tengan todo lo necesario para que se desarrolle un proceso eleccionario con total normalidad\u201d indic\u00f3 el coordinador territorial de elecciones de la comuna de Ovalle, Marcelo Tabilo.<\/p>\n<p>Por su parte, el alcalde Claudio Renter\u00eda se\u00f1al\u00f3 que \u201clos lugares de votaci\u00f3n estar\u00e1n bien acondicionados y para eso hemos trabajado en las \u00faltimas semanas. El llamado es que asistan a su respectivo centro de votaci\u00f3n y participen de estas elecciones que son muy importantes porque elegiremos al pr\u00f3ximo Presidente de Chile, en el caso de nuestra regi\u00f3n a diputados y senadores quienes nos representar\u00e1n en el parlamento y a los consejeros regionales, que cumplen una labor important\u00edsima en la distribuci\u00f3n de los recursos en las 15 comunas de la regi\u00f3n\u201d.<\/p>\n<p>Los preparativos se iniciaron este jueves y se prolongar\u00e1n hasta el s\u00e1bado 20 de noviembre. El personal militar se har\u00e1 cargo de la seguridad de los locales desde este jueves 18 hasta el pr\u00f3ximo lunes 22 de noviembre.<\/p>\n<p>Los locales de votaci\u00f3n contar\u00e1n con personal param\u00e9dico por cualquier tipo de inconvenientes y con sillas de ruedas, para las personas que tienen problemas de desplazamiento o tengan alg\u00fan problema de salud el d\u00eda de la votaci\u00f3n. \u201cNuestra idea es dejar todo en orden el d\u00eda lunes 22 de noviembre, para que el d\u00eda martes los establecimientos educacionales retomen sus actividades\u201d agreg\u00f3 Marcelo Tabilo.<\/p>\n<p>&nbsp;<\/p>\n<p>&nbsp;<\/p>\n","protected":false},"excerpt":{"rendered":"<p>El municipio de Ovalle est\u00e1 a cargo de la log\u00edstica y de disponer de los establecimientos educacionales con casetas y urnas, para que los vocales de mesa y los votantes tengan todo lo necesario y se realice un proceso normal. En la comuna se habilitar\u00e1n 12 locales en la zona urbana y dos en el &#8230;<\/p>\n","protected":false},"author":2,"featured_media":6269,"comment_status":"open","ping_status":"open","sticky":false,"template":"","format":"standard","meta":{"footnotes":""},"categories":[3],"tags":[],"class_list":["post-6268","post","type-post","status-publish","format-standard","has-post-thumbnail","hentry","category-actualidad"],"_links":{"self":[{"href":"https:\/\/www.radiolimari.cl\/index.php?rest_route=\/wp\/v2\/posts\/6268","targetHints":{"allow":["GET"]}}],"collection":[{"href":"https:\/\/www.radiolimari.cl\/index.php?rest_route=\/wp\/v2\/posts"}],"about":[{"href":"https:\/\/www.radiolimari.cl\/index.php?rest_route=\/wp\/v2\/types\/post"}],"author":[{"embeddable":true,"href":"https:\/\/www.radiolimari.cl\/index.php?rest_route=\/wp\/v2\/users\/2"}],"replies":[{"embeddable":true,"href":"https:\/\/www.radiolimari.cl\/index.php?rest_route=%2Fwp%2Fv2%2Fcomments&post=6268"}],"version-history":[{"count":2,"href":"https:\/\/www.radiolimari.cl\/index.php?rest_route=\/wp\/v2\/posts\/6268\/revisions"}],"predecessor-version":[{"id":6286,"href":"https:\/\/www.radiolimari.cl\/index.php?rest_route=\/wp\/v2\/posts\/6268\/revisions\/6286"}],"wp:featuredmedia":[{"embeddable":true,"href":"https:\/\/www.radiolimari.cl\/index.php?rest_route=\/wp\/v2\/media\/6269"}],"wp:attachment":[{"href":"https:\/\/www.radiolimari.cl\/index.php?rest_route=%2Fwp%2Fv2%2Fmedia&parent=6268"}],"wp:term":[{"taxonomy":"category","embeddable":true,"href":"https:\/\/www.radiolimari.cl\/index.php?rest_route=%2Fwp%2Fv2%2Fcategories&post=6268"},{"taxonomy":"post_tag","embeddable":true,"href":"https:\/\/www.radiolimari.cl\/index.php?rest_route=%2Fwp%2Fv2%2Ftags&post=6268"}],"curies":[{"name":"wp","href":"https:\/\/api.w.org\/{rel}","templated":true}]}}