{"id":6254,"date":"2021-11-15T18:42:38","date_gmt":"2021-11-15T18:42:38","guid":{"rendered":"http:\/\/www.radiolimari.cl\/?p=6254"},"modified":"2021-11-15T18:42:38","modified_gmt":"2021-11-15T18:42:38","slug":"ife-universal-de-noviembre-hasta-este-martes-estan-abiertas-las-inscripciones-en-www-ingresodemergencia-cl","status":"publish","type":"post","link":"https:\/\/www.radiolimari.cl\/?p=6254","title":{"rendered":"IFE Universal de noviembre: Hasta este martes est\u00e1n abiertas las inscripciones en www.ingresodemergencia.cl"},"content":{"rendered":"<p><a href=\"https:\/\/www.radiolimari.cl\/wp-content\/uploads\/2021\/11\/15.11-INSCRIPCI\u00d3N-IFE-NOVIEMBRE.jpg\"><img fetchpriority=\"high\" decoding=\"async\" class=\"alignnone size-medium wp-image-6255\" src=\"https:\/\/www.radiolimari.cl\/wp-content\/uploads\/2021\/11\/15.11-INSCRIPCI\u00d3N-IFE-NOVIEMBRE-300x225.jpg\" alt=\"15.11 INSCRIPCI\u00d3N IFE NOVIEMBRE\" width=\"300\" height=\"225\" srcset=\"https:\/\/www.radiolimari.cl\/wp-content\/uploads\/2021\/11\/15.11-INSCRIPCI\u00d3N-IFE-NOVIEMBRE-300x225.jpg 300w, https:\/\/www.radiolimari.cl\/wp-content\/uploads\/2021\/11\/15.11-INSCRIPCI\u00d3N-IFE-NOVIEMBRE-1024x768.jpg 1024w\" sizes=\"(max-width: 300px) 100vw, 300px\" \/><\/a><\/p>\n<p><strong>El Seremi de Desarrollo Social y Familia, Marcelo Telias, destac\u00f3 que el IFE Universal continuar\u00e1 hasta noviembre con pagos desde los primeros d\u00edas de diciembre. Tambi\u00e9n recalc\u00f3 que el Gobierno continuar\u00e1 apoyando a las familias a trav\u00e9s de la Red de Protecci\u00f3n Social con instrumentos como el IFE Laboral. <\/strong><!--more--><\/p>\n<p>Durante la pandemia el Ministerio de Desarrollo Social y Familia a canalizado diversas ayudas para las familias que sufren los efectos econ\u00f3micos del COVID-19, y una de ellas es el IFE Universal, que en este pago de octubre, beneficia a 359.579 hogares de la Regi\u00f3n de Coquimbo.<\/p>\n<p>En tal sentido, la Ministra de Desarrollo Social y Familia, Karla Rubilar, afirm\u00f3 que \u201cson cerca de 8,3 millones de familias en Chile que est\u00e1n recibiendo este importante beneficio. Sabemos que con esta entrega seguimos dando un alivio a millones de familia de nuestro pa\u00eds, que requieren de esta ayuda que estamos entregando\u201d.La Ministra agreg\u00f3 que es muy importante recordar que \u201ceste pago viene reforzado, ya que el mes de octubre considera nuevamente el 100% del beneficio\u201d.<\/p>\n<p>Por su parte, el Seremi de Desarrollo Social y Familia, Marcelo Telias, indic\u00f3 que \u201ccomo Gobierno hemos trabajado con gran esfuerzo para apoyar a las familias ante la pandemia. Es as\u00ed como el Ingreso Familiar de Emergencia (IFE), durante 2020 y 2021, ha sido de gran ayuda para los hogares de nuestro pa\u00eds y por supuesto de nuestra regi\u00f3n. Este es un beneficio se ha extendido hasta noviembre para seguir protegiendo y aliviando a las familias m\u00e1s golpeadas por los efectos econ\u00f3micos del Covid-19\u201d.<\/p>\n<p>Cabe destacar, que el IFE Universal de octubre 2021 llega a 16.666.171 personas a nivel pa\u00eds, y presenta entre otras caracter\u00edsticas, que un 50,9% de los hogares beneficiados cuenta con una mujer como jefa de familia. A su vez, el monto total destinado para este beneficio correspondiente a dicho mes, alcanz\u00f3 los $2.362.384 millones, lo que lo convierte en la transferencia directa m\u00e1s alta de la historia.<\/p>\n<p>&nbsp;<\/p>\n<p><strong>INSCRIPCI\u00d3N A IFE UNIVERSAL DE NOVIEMBRE<\/strong><\/p>\n<p>Las personas que ya est\u00e1n recibiendo el IFE Universal no deben realizar ning\u00fan tr\u00e1mite adicional este mes y recibir\u00e1n el apoyo a partir del pr\u00f3ximo 30 noviembre. La fecha exacta y forma de pago se puede revisar desde ese mismo d\u00eda en www.ingresodeemergencia.cl, en la secci\u00f3n Mis Pagos.<\/p>\n<p>Asimismo, la Subsecretaria de Evaluaci\u00f3n Social, Andrea Balladares, hizo un llamado a aquellas familias que a\u00fan no han recibido el Ingreso Familiar de Emergencia Universal, a solicitarlo en www.ingresodemergencia.cl. \u201cEste es el \u00faltimo mes del IFE Universal y todav\u00eda est\u00e1 abierto el proceso de inscripci\u00f3n para las familias que son parte del Registro Social de Hogares y a\u00fan no han accedido al beneficio. El plazo es hasta el pr\u00f3ximo 16 de noviembre\u201d, dijo la autoridad.<\/p>\n<p>En tal sentido, el Seremi de Desarrollo Social y Familia Marcelo Telias, tambi\u00e9n subray\u00f3 el importante rol de \u201cla Red de Protecci\u00f3n Social, que agrupa m\u00e1s de 150 beneficios del Estado y que va a estar presente con los hogares todo el tiempo que sea necesario, ahora tambi\u00e9n compatibilizando dicha protecci\u00f3n social con posibilidades e incentivos para recuperar el trabajo mediante el IFE Laboral, que permite mejorar los ingresos de los trabajadores e incentivar la creaci\u00f3n de empleos. El llamado es informarse en <a href=\"http:\/\/www.reddeprotecci\u00f3n.cl\">www.reddeprotecci\u00f3n.cl<\/a> y a ingresar o actualizar su Registro Social de Hogares en <a href=\"http:\/\/www.registrosocial.gob.cl\">www.registrosocial.gob.cl<\/a>\u201d.<\/p>\n<p>&nbsp;<\/p>\n<p>&nbsp;<\/p>\n","protected":false},"excerpt":{"rendered":"<p>El Seremi de Desarrollo Social y Familia, Marcelo Telias, destac\u00f3 que el IFE Universal continuar\u00e1 hasta noviembre con pagos desde los primeros d\u00edas de diciembre. Tambi\u00e9n recalc\u00f3 que el Gobierno continuar\u00e1 apoyando a las familias a trav\u00e9s de la Red de Protecci\u00f3n Social con instrumentos como el IFE Laboral.<\/p>\n","protected":false},"author":2,"featured_media":6255,"comment_status":"open","ping_status":"open","sticky":false,"template":"","format":"standard","meta":{"footnotes":""},"categories":[3],"tags":[],"class_list":["post-6254","post","type-post","status-publish","format-standard","has-post-thumbnail","hentry","category-actualidad"],"_links":{"self":[{"href":"https:\/\/www.radiolimari.cl\/index.php?rest_route=\/wp\/v2\/posts\/6254","targetHints":{"allow":["GET"]}}],"collection":[{"href":"https:\/\/www.radiolimari.cl\/index.php?rest_route=\/wp\/v2\/posts"}],"about":[{"href":"https:\/\/www.radiolimari.cl\/index.php?rest_route=\/wp\/v2\/types\/post"}],"author":[{"embeddable":true,"href":"https:\/\/www.radiolimari.cl\/index.php?rest_route=\/wp\/v2\/users\/2"}],"replies":[{"embeddable":true,"href":"https:\/\/www.radiolimari.cl\/index.php?rest_route=%2Fwp%2Fv2%2Fcomments&post=6254"}],"version-history":[{"count":1,"href":"https:\/\/www.radiolimari.cl\/index.php?rest_route=\/wp\/v2\/posts\/6254\/revisions"}],"predecessor-version":[{"id":6256,"href":"https:\/\/www.radiolimari.cl\/index.php?rest_route=\/wp\/v2\/posts\/6254\/revisions\/6256"}],"wp:featuredmedia":[{"embeddable":true,"href":"https:\/\/www.radiolimari.cl\/index.php?rest_route=\/wp\/v2\/media\/6255"}],"wp:attachment":[{"href":"https:\/\/www.radiolimari.cl\/index.php?rest_route=%2Fwp%2Fv2%2Fmedia&parent=6254"}],"wp:term":[{"taxonomy":"category","embeddable":true,"href":"https:\/\/www.radiolimari.cl\/index.php?rest_route=%2Fwp%2Fv2%2Fcategories&post=6254"},{"taxonomy":"post_tag","embeddable":true,"href":"https:\/\/www.radiolimari.cl\/index.php?rest_route=%2Fwp%2Fv2%2Ftags&post=6254"}],"curies":[{"name":"wp","href":"https:\/\/api.w.org\/{rel}","templated":true}]}}