{"id":6251,"date":"2021-11-15T18:34:57","date_gmt":"2021-11-15T18:34:57","guid":{"rendered":"http:\/\/www.radiolimari.cl\/?p=6251"},"modified":"2021-11-15T18:34:57","modified_gmt":"2021-11-15T18:34:57","slug":"monte-patria-libertad-de-recurrente-infractor-de-ley-preocupa-a-la-comunidad-de-la-comuna-limarina","status":"publish","type":"post","link":"https:\/\/www.radiolimari.cl\/?p=6251","title":{"rendered":"Monte Patria: Libertad de recurrente infractor de ley preocupa a la comunidad de la comuna limarina"},"content":{"rendered":"<p><a href=\"https:\/\/www.radiolimari.cl\/wp-content\/uploads\/2021\/11\/15.11-monte-patria.jpeg\"><img fetchpriority=\"high\" decoding=\"async\" class=\"alignnone size-medium wp-image-6252\" src=\"https:\/\/www.radiolimari.cl\/wp-content\/uploads\/2021\/11\/15.11-monte-patria-300x225.jpeg\" alt=\"15.11 monte patria\" width=\"300\" height=\"225\" srcset=\"https:\/\/www.radiolimari.cl\/wp-content\/uploads\/2021\/11\/15.11-monte-patria-300x225.jpeg 300w, https:\/\/www.radiolimari.cl\/wp-content\/uploads\/2021\/11\/15.11-monte-patria-1024x768.jpeg 1024w, https:\/\/www.radiolimari.cl\/wp-content\/uploads\/2021\/11\/15.11-monte-patria.jpeg 1600w\" sizes=\"(max-width: 300px) 100vw, 300px\" \/><\/a><\/p>\n<p><em>Las autoridades comunales, vecinos y vecinas denuncian inseguridad y desconfianza ante el poder judicial<\/em><!--more--><\/p>\n<p>Hace unos d\u00edas, El Tribunal de Garant\u00eda de Ovalle envi\u00f3 una orden de arresto para el sujeto con iniciales M.A. a efectuar por la Subcomisar\u00eda de Monte Patria. Por lo que carabineros inmediatamente fue en b\u00fasqueda del recurrente acusado de agresi\u00f3n, robo e ingreso a propiedad privada.<\/p>\n<p>El procedimiento se realiz\u00f3 en la poblaci\u00f3n de Vista Hermosa durante el mediod\u00eda del viernes. Tras disparos al piso y forcejeos entre dos carabineros y el delincuente, quien habr\u00eda estado bajo el efecto de la droga y con un arma blanca, este fue llevado a la unidad policial.\u00a0 Al momento de pasar al Tribunal, el abogado defensor del imputado acus\u00f3 apremio ileg\u00edtimo de parte de la sargento que actu\u00f3 en el lugar, consiguiendo quedar en libertad el s\u00e1bado.<\/p>\n<p>La primera autoridad comunal, Cristian Herrera Pe\u00f1a, juzg\u00f3 la decisi\u00f3n tomada por el Fiscal Adjunto, Jaime Rojas Maluenda.<strong> \u201cHay situaciones y medidas que se toman que uno no comprende. Hay un delincuente habitual que tiene medidas cautelares de arresto domiciliario las cuales no cumple, ha estado agrediendo a personas y tiene a toda la comunidad de Monte Patria muy preocupada. Despu\u00e9s de muchas gestiones realizadas con carabineros y tras un intenso operativo, \u00e9l fue capturado y el juez lo dej\u00f3 en libertad. Por eso hay tanta desconfianza en el poder judicial\u201d<\/strong>.<\/p>\n<p><strong>\u201cEstamos muy molestos. Sabemos que los jueces tienen independencia, pero ante todos los antecedentes que existen sobre este delincuente da rabia que \u00e9l est\u00e9 en libertad y se cuestione el actuar de carabineros\u201d, <\/strong>agreg\u00f3.<\/p>\n<p>Por su parte, la dirigente Ana Herrera Castellanos manifest\u00f3 que <strong>\u201cLa comunidad est\u00e1 muy enojada. Como Uni\u00f3n Comunal de Juntas de Vecinos de Monte Patria queremos decirle a los fiscales que nos aburrimos de escuchar mentiras\u201d<\/strong>.<\/p>\n<p>&nbsp;<\/p>\n<p>&nbsp;<\/p>\n","protected":false},"excerpt":{"rendered":"<p>Las autoridades comunales, vecinos y vecinas denuncian inseguridad y desconfianza ante el poder judicial<\/p>\n","protected":false},"author":2,"featured_media":6252,"comment_status":"open","ping_status":"open","sticky":false,"template":"","format":"standard","meta":{"footnotes":""},"categories":[5],"tags":[],"class_list":["post-6251","post","type-post","status-publish","format-standard","has-post-thumbnail","hentry","category-actualidad-limarina"],"_links":{"self":[{"href":"https:\/\/www.radiolimari.cl\/index.php?rest_route=\/wp\/v2\/posts\/6251","targetHints":{"allow":["GET"]}}],"collection":[{"href":"https:\/\/www.radiolimari.cl\/index.php?rest_route=\/wp\/v2\/posts"}],"about":[{"href":"https:\/\/www.radiolimari.cl\/index.php?rest_route=\/wp\/v2\/types\/post"}],"author":[{"embeddable":true,"href":"https:\/\/www.radiolimari.cl\/index.php?rest_route=\/wp\/v2\/users\/2"}],"replies":[{"embeddable":true,"href":"https:\/\/www.radiolimari.cl\/index.php?rest_route=%2Fwp%2Fv2%2Fcomments&post=6251"}],"version-history":[{"count":1,"href":"https:\/\/www.radiolimari.cl\/index.php?rest_route=\/wp\/v2\/posts\/6251\/revisions"}],"predecessor-version":[{"id":6253,"href":"https:\/\/www.radiolimari.cl\/index.php?rest_route=\/wp\/v2\/posts\/6251\/revisions\/6253"}],"wp:featuredmedia":[{"embeddable":true,"href":"https:\/\/www.radiolimari.cl\/index.php?rest_route=\/wp\/v2\/media\/6252"}],"wp:attachment":[{"href":"https:\/\/www.radiolimari.cl\/index.php?rest_route=%2Fwp%2Fv2%2Fmedia&parent=6251"}],"wp:term":[{"taxonomy":"category","embeddable":true,"href":"https:\/\/www.radiolimari.cl\/index.php?rest_route=%2Fwp%2Fv2%2Fcategories&post=6251"},{"taxonomy":"post_tag","embeddable":true,"href":"https:\/\/www.radiolimari.cl\/index.php?rest_route=%2Fwp%2Fv2%2Ftags&post=6251"}],"curies":[{"name":"wp","href":"https:\/\/api.w.org\/{rel}","templated":true}]}}