{"id":6238,"date":"2021-10-08T19:30:37","date_gmt":"2021-10-08T19:30:37","guid":{"rendered":"http:\/\/www.radiolimari.cl\/?p=6238"},"modified":"2021-11-10T11:32:03","modified_gmt":"2021-11-10T11:32:03","slug":"con-exito-junta-de-vecinos-de-ovalle-concluye-proyecto-sobre-charlas-en-erradicacion-de-violencia-de-genero-a-la-comunidad","status":"publish","type":"post","link":"https:\/\/www.radiolimari.cl\/?p=6238","title":{"rendered":"Con \u00e9xito Junta de Vecinos de Ovalle concluye proyecto sobre charlas en erradicaci\u00f3n de violencia de g\u00e9nero a la comunidad"},"content":{"rendered":"<p>Con \u00e9xito concluyeron las seis charlas de capacitaci\u00f3n sobre equidad de g\u00e9nero, nuevas masculinidades y erradicaci\u00f3n de violencia ejecutadas por la junta de vecinos Mirador de Limar\u00ed gracias al Fondo de Fortalecimiento Organizaciones de Inter\u00e9s P\u00fablico de Car\u00e1cter Local que patrocina la Secretaria Regional Ministerial de Gobierno<\/p>\n<p>La iniciativa se ejecut\u00f3 durante septiembre y parte de octubre. Las charlas fueron de forma online. El proyecto fue valorado por vecinos y termin\u00f3 con una feria de prevenci\u00f3n de violencia realizada por la propia organizaci\u00f3n social junto a carabineros<\/p>\n<p>La seremi de la Mujer y la Equidad de G\u00e9nero, Iv\u00f3n Guerra destac\u00f3 este tipo de instancias<strong>, \u201cpude acompa\u00f1ar a los vecinos y vecinos entreg\u00e1ndoles 2 charlas importantes. Destaco el inter\u00e9s de la junta de vecinos y su comunidad en aprender y avanzar en estos temas tan relevantes. Todos y todas debemos ser parte de este problema de violencia que afecta a las mujeres y sin duda este tipo de proyectos o iniciativas son relevantes para avanzar en mayor equidad y prevenci\u00f3n de violencia de g\u00e9nero\u201d.<\/strong><\/p>\n<p>Por su parte, la presidenta de la Junta de Vecinos del Mirador de Limar\u00ed, Lorena Mu\u00f1oz agreg\u00f3,<strong> \u201cagradecida de todos los profesionales que nos dieron las charlas, de la seremi de la Mujer, carabineros y en especial de la Segegob que gracias ellos pudimos ejecutar esta iniciativa. Ojala como comunidad ahora estemos m\u00e1s empoderados y podamos aportar a la eliminaci\u00f3n de la violencia contra las mujeres\u201d<\/strong><\/p>\n<p>El proyecto contempl\u00f3 la realizaci\u00f3n de 6 charlas, de forma online, para abordar tem\u00e1ticas de equidad de g\u00e9nero, nuevas masculinidades y erradicaci\u00f3n de violencia de g\u00e9nero.<\/p>\n","protected":false},"excerpt":{"rendered":"<p>Con \u00e9xito concluyeron las seis charlas de capacitaci\u00f3n sobre equidad de g\u00e9nero, nuevas masculinidades y erradicaci\u00f3n de violencia ejecutadas por la junta de vecinos Mirador de Limar\u00ed gracias al Fondo de Fortalecimiento Organizaciones de Inter\u00e9s P\u00fablico de Car\u00e1cter Local que patrocina la Secretaria Regional Ministerial de Gobierno La iniciativa se ejecut\u00f3 durante septiembre y parte &#8230;<\/p>\n","protected":false},"author":2,"featured_media":6239,"comment_status":"open","ping_status":"open","sticky":false,"template":"","format":"standard","meta":{"footnotes":""},"categories":[5],"tags":[],"class_list":["post-6238","post","type-post","status-publish","format-standard","has-post-thumbnail","hentry","category-actualidad-limarina"],"_links":{"self":[{"href":"https:\/\/www.radiolimari.cl\/index.php?rest_route=\/wp\/v2\/posts\/6238","targetHints":{"allow":["GET"]}}],"collection":[{"href":"https:\/\/www.radiolimari.cl\/index.php?rest_route=\/wp\/v2\/posts"}],"about":[{"href":"https:\/\/www.radiolimari.cl\/index.php?rest_route=\/wp\/v2\/types\/post"}],"author":[{"embeddable":true,"href":"https:\/\/www.radiolimari.cl\/index.php?rest_route=\/wp\/v2\/users\/2"}],"replies":[{"embeddable":true,"href":"https:\/\/www.radiolimari.cl\/index.php?rest_route=%2Fwp%2Fv2%2Fcomments&post=6238"}],"version-history":[{"count":1,"href":"https:\/\/www.radiolimari.cl\/index.php?rest_route=\/wp\/v2\/posts\/6238\/revisions"}],"predecessor-version":[{"id":6240,"href":"https:\/\/www.radiolimari.cl\/index.php?rest_route=\/wp\/v2\/posts\/6238\/revisions\/6240"}],"wp:featuredmedia":[{"embeddable":true,"href":"https:\/\/www.radiolimari.cl\/index.php?rest_route=\/wp\/v2\/media\/6239"}],"wp:attachment":[{"href":"https:\/\/www.radiolimari.cl\/index.php?rest_route=%2Fwp%2Fv2%2Fmedia&parent=6238"}],"wp:term":[{"taxonomy":"category","embeddable":true,"href":"https:\/\/www.radiolimari.cl\/index.php?rest_route=%2Fwp%2Fv2%2Fcategories&post=6238"},{"taxonomy":"post_tag","embeddable":true,"href":"https:\/\/www.radiolimari.cl\/index.php?rest_route=%2Fwp%2Fv2%2Ftags&post=6238"}],"curies":[{"name":"wp","href":"https:\/\/api.w.org\/{rel}","templated":true}]}}