{"id":6233,"date":"2021-11-09T19:12:37","date_gmt":"2021-11-09T19:12:37","guid":{"rendered":"http:\/\/www.radiolimari.cl\/?p=6233"},"modified":"2021-11-09T19:14:27","modified_gmt":"2021-11-09T19:14:27","slug":"fueron-aprobados-recursos-para-compra-de-camiones-aljibe-y-construccion-de-estacion-medico-rural-de-la-calera-de-san-julian-en-ovalle","status":"publish","type":"post","link":"https:\/\/www.radiolimari.cl\/?p=6233","title":{"rendered":"Fueron aprobados recursos para compra de camiones aljibe y construcci\u00f3n de estaci\u00f3n m\u00e9dico rural de La Calera de San Juli\u00e1n en Ovalle"},"content":{"rendered":"<p>&nbsp;<\/p>\n<p><a href=\"https:\/\/www.radiolimari.cl\/wp-content\/uploads\/2021\/11\/9.11-Proyectos-FRILL-1.jpg\"><img fetchpriority=\"high\" decoding=\"async\" class=\"alignnone size-medium wp-image-6235\" src=\"https:\/\/www.radiolimari.cl\/wp-content\/uploads\/2021\/11\/9.11-Proyectos-FRILL-1-300x200.jpg\" alt=\"9.11 Proyectos FRILL (1)\" width=\"300\" height=\"200\" srcset=\"https:\/\/www.radiolimari.cl\/wp-content\/uploads\/2021\/11\/9.11-Proyectos-FRILL-1-300x200.jpg 300w, https:\/\/www.radiolimari.cl\/wp-content\/uploads\/2021\/11\/9.11-Proyectos-FRILL-1-1024x682.jpg 1024w\" sizes=\"(max-width: 300px) 100vw, 300px\" \/><\/a><\/p>\n<p><strong><em>Estos recursos fueron aprobados por el Gobierno Regional, a trav\u00e9s del Fondo Regional de Iniciativa Local (FRIL). <\/em><\/strong><!--more--><\/p>\n<p>El Gobierno Regional aprob\u00f3 el financiamiento para la compra de dos camiones aljibe de 10.000 litros y la construcci\u00f3n de la nueva estaci\u00f3n m\u00e9dico rural de La Calera de San Juli\u00e1n. Estos recursos, que alcanzan en conjunto los 195 millones de pesos, se lograron gracias a la postulaci\u00f3n que realiz\u00f3 el municipio de Ovalle al Fondo Regional de Iniciativa Local (FRIL).<\/p>\n<p>En el caso, de la Estaci\u00f3n M\u00e9dico Rural de La Calera de San Juli\u00e1n, que cuenta con una inversi\u00f3n de 53 millones de pesos,\u00a0es una estructura que tendr\u00e1 un hall central, con sala de espera, un \u00e1rea administrativa de atenci\u00f3n de pacientes (SOME), tres box de atenci\u00f3n y servicios higi\u00e9nicos. La obra tambi\u00e9n contempla una rampa para discapacitados y una terraza techada en un \u00e1rea de 54, 80 metros cuadrados.<\/p>\n<p>Dentro de esta aprobaci\u00f3n se sumar\u00e1 la compra de dos camiones aljibe de 10.000 litros, con tracci\u00f3n 4&#215;2 y 6 velocidades, por un monto de 142 millones de pesos, que ser\u00e1n de gran ayuda para la distribuci\u00f3n de agua potable, que realiza el municipio de Ovalle, sobretodo para las zonas m\u00e1s alejadas de la comuna que no cuentan con comit\u00e9s de agua potable rural.<\/p>\n<p>El alcalde Claudio Renter\u00eda indic\u00f3 que \u00abestamos muy agradecidos del apoyo del Gobierno Regional porque ambas iniciativas son muy importantes. En primer t\u00e9rmino los dos nuevos camiones aljibe nos permitir\u00e1 aumentar la cobertura en la distribuci\u00f3n de agua en nuestras zonas m\u00e1s alejadas, considerando la escasez h\u00eddrica que estamos viviendo. Asimismo, la pr\u00f3xima construcci\u00f3n de la Estaci\u00f3n M\u00e9dico Rural de La Calera de San Juli\u00e1n mejorar\u00e1 la atenci\u00f3n de salud de los vecinos al momento que asista la ronda m\u00e9dica del Equipo de Salud Rural, pues contar\u00e1n con mejores y amplias dependencias\u00bb.<\/p>\n<p>En este sentido, la gobernadora regional Krist Naranjo afirm\u00f3 que se concretaron \u201cdos proyectos muy esperados por la comuna de Ovalle, sobretodo en \u00e9poca de pandemia y de sequ\u00eda. Estamos muy contentos de haber sacado adelante estas iniciativas, pues \u00a0llevamos poco tiempo pero tenemos el compromiso con todas las comunas de la regi\u00f3n de Coquimbo y estamos haciendo los esfuerzos para llegar prontamente a cada una de ellas\u201d.<\/p>\n","protected":false},"excerpt":{"rendered":"<p>&nbsp; Estos recursos fueron aprobados por el Gobierno Regional, a trav\u00e9s del Fondo Regional de Iniciativa Local (FRIL).<\/p>\n","protected":false},"author":2,"featured_media":6235,"comment_status":"open","ping_status":"open","sticky":false,"template":"","format":"standard","meta":{"footnotes":""},"categories":[5],"tags":[],"class_list":["post-6233","post","type-post","status-publish","format-standard","has-post-thumbnail","hentry","category-actualidad-limarina"],"_links":{"self":[{"href":"https:\/\/www.radiolimari.cl\/index.php?rest_route=\/wp\/v2\/posts\/6233","targetHints":{"allow":["GET"]}}],"collection":[{"href":"https:\/\/www.radiolimari.cl\/index.php?rest_route=\/wp\/v2\/posts"}],"about":[{"href":"https:\/\/www.radiolimari.cl\/index.php?rest_route=\/wp\/v2\/types\/post"}],"author":[{"embeddable":true,"href":"https:\/\/www.radiolimari.cl\/index.php?rest_route=\/wp\/v2\/users\/2"}],"replies":[{"embeddable":true,"href":"https:\/\/www.radiolimari.cl\/index.php?rest_route=%2Fwp%2Fv2%2Fcomments&post=6233"}],"version-history":[{"count":1,"href":"https:\/\/www.radiolimari.cl\/index.php?rest_route=\/wp\/v2\/posts\/6233\/revisions"}],"predecessor-version":[{"id":6236,"href":"https:\/\/www.radiolimari.cl\/index.php?rest_route=\/wp\/v2\/posts\/6233\/revisions\/6236"}],"wp:featuredmedia":[{"embeddable":true,"href":"https:\/\/www.radiolimari.cl\/index.php?rest_route=\/wp\/v2\/media\/6235"}],"wp:attachment":[{"href":"https:\/\/www.radiolimari.cl\/index.php?rest_route=%2Fwp%2Fv2%2Fmedia&parent=6233"}],"wp:term":[{"taxonomy":"category","embeddable":true,"href":"https:\/\/www.radiolimari.cl\/index.php?rest_route=%2Fwp%2Fv2%2Fcategories&post=6233"},{"taxonomy":"post_tag","embeddable":true,"href":"https:\/\/www.radiolimari.cl\/index.php?rest_route=%2Fwp%2Fv2%2Ftags&post=6233"}],"curies":[{"name":"wp","href":"https:\/\/api.w.org\/{rel}","templated":true}]}}