{"id":6230,"date":"2021-11-09T14:52:27","date_gmt":"2021-11-09T14:52:27","guid":{"rendered":"http:\/\/www.radiolimari.cl\/?p=6230"},"modified":"2021-11-09T14:52:27","modified_gmt":"2021-11-09T14:52:27","slug":"en-monte-patria-la-escuela-de-juntas-se-convierte-en-el-cuarto-establecimiento-educacional-afectado-por-robo","status":"publish","type":"post","link":"https:\/\/www.radiolimari.cl\/?p=6230","title":{"rendered":"En Monte Patria, la Escuela de Juntas se convierte en el cuarto establecimiento educacional afectado por robo"},"content":{"rendered":"<p><a href=\"https:\/\/www.radiolimari.cl\/wp-content\/uploads\/2021\/11\/9.11-juntas.jpg\"><img fetchpriority=\"high\" decoding=\"async\" class=\"alignnone size-medium wp-image-6231\" src=\"https:\/\/www.radiolimari.cl\/wp-content\/uploads\/2021\/11\/9.11-juntas-300x224.jpg\" alt=\"9.11 juntas\" width=\"300\" height=\"224\" srcset=\"https:\/\/www.radiolimari.cl\/wp-content\/uploads\/2021\/11\/9.11-juntas-300x224.jpg 300w, https:\/\/www.radiolimari.cl\/wp-content\/uploads\/2021\/11\/9.11-juntas-1024x766.jpg 1024w, https:\/\/www.radiolimari.cl\/wp-content\/uploads\/2021\/11\/9.11-juntas.jpg 1280w\" sizes=\"(max-width: 300px) 100vw, 300px\" \/><\/a><\/p>\n<p><em>Se tratar\u00eda de una banda que se dedica a hurtar elementos tecnol\u00f3gicos de los recintos educativos, los cuales cuentan con informaci\u00f3n reservada o son herramientas de aprendizaje para ni\u00f1os y ni\u00f1as.<\/em><!--more--><\/p>\n<p>En la madrugada de este martes 9 de noviembre, el Municipio de Monte Patria nuevamente se vio afectado por el ingreso de particulares a recintos educativos, con el fin de sustraer elementos primordiales para el aprendizaje de los alumnos y alumnas.<\/p>\n<p>En tan solo dos semanas, se han visto vulnerados cuatro establecimientos de nuestra comuna: Colegio Cerro Guayaquil, Liceo Bicentenario de Excelencia Presidente Eduardo Frei Montalva, Colegio Rep\u00fablica de Chile y Escuela de Juntas. De estos recintos se han llevado herramientas como; tablet, televisores, micr\u00f3fonos, computadores, discos duros, entre otros.<\/p>\n<p>La direcci\u00f3n del Colegio Rep\u00fablica de Chile, a trav\u00e9s de un comunicado oficial, realiz\u00f3 el llamado \u201cen caso de ver a sujetos vender o intercambiar estos productos en la calle, feria o venta puerta a puerta, realizar la denuncia inmediata a Carabineros\u201d.<\/p>\n<p>Por su parte, Claudia Abarca, Directora de la Escuela de Juntas, lament\u00f3 lo ocurrido <strong><em>\u201cDa pena que la escuela que con mucho esfuerzo hemos logrado implementar para darle la mejor educaci\u00f3n a nuestros ni\u00f1os, sea violentada de esta manera(&#8230;) Es triste cuando roban en una escuela, porque son centros de esperanza, de salir adelante, de cumplir sue\u00f1os de los ni\u00f1os y ni\u00f1as, entonces es una mala se\u00f1al de la sociedad cuando empiezan sistem\u00e1ticamente a robar establecimientos educacionales\u201d<\/em><\/strong>.<\/p>\n<p>La primera autoridad comunal indic\u00f3 que <strong><em>\u201c<\/em>Estamos muy molestos, porque los ladrones no le hacen da\u00f1o a la municipalidad, no le causan da\u00f1o a la escuela, ni tampoco a los profesores, le causan un da\u00f1o tremendo a nuestros alumnos y alumnas, es por eso que queremos pedir tu apoyo, que nos entreguen todos los antecedentes para aportar en las investigaciones. Nuestros ni\u00f1os y ni\u00f1as merecen estudiar en las mejores condiciones\u201d<\/strong>, enfatiz\u00f3.<\/p>\n<p>Tras las reiteradas denuncias a la instituci\u00f3n de Carabineros, hasta la Escuela de Juntas asisti\u00f3 la Secci\u00f3n de Investigaciones Policiales (SIP).<\/p>\n","protected":false},"excerpt":{"rendered":"<p>Se tratar\u00eda de una banda que se dedica a hurtar elementos tecnol\u00f3gicos de los recintos educativos, los cuales cuentan con informaci\u00f3n reservada o son herramientas de aprendizaje para ni\u00f1os y ni\u00f1as.<\/p>\n","protected":false},"author":2,"featured_media":6231,"comment_status":"open","ping_status":"open","sticky":false,"template":"","format":"standard","meta":{"footnotes":""},"categories":[5],"tags":[],"class_list":["post-6230","post","type-post","status-publish","format-standard","has-post-thumbnail","hentry","category-actualidad-limarina"],"_links":{"self":[{"href":"https:\/\/www.radiolimari.cl\/index.php?rest_route=\/wp\/v2\/posts\/6230","targetHints":{"allow":["GET"]}}],"collection":[{"href":"https:\/\/www.radiolimari.cl\/index.php?rest_route=\/wp\/v2\/posts"}],"about":[{"href":"https:\/\/www.radiolimari.cl\/index.php?rest_route=\/wp\/v2\/types\/post"}],"author":[{"embeddable":true,"href":"https:\/\/www.radiolimari.cl\/index.php?rest_route=\/wp\/v2\/users\/2"}],"replies":[{"embeddable":true,"href":"https:\/\/www.radiolimari.cl\/index.php?rest_route=%2Fwp%2Fv2%2Fcomments&post=6230"}],"version-history":[{"count":1,"href":"https:\/\/www.radiolimari.cl\/index.php?rest_route=\/wp\/v2\/posts\/6230\/revisions"}],"predecessor-version":[{"id":6232,"href":"https:\/\/www.radiolimari.cl\/index.php?rest_route=\/wp\/v2\/posts\/6230\/revisions\/6232"}],"wp:featuredmedia":[{"embeddable":true,"href":"https:\/\/www.radiolimari.cl\/index.php?rest_route=\/wp\/v2\/media\/6231"}],"wp:attachment":[{"href":"https:\/\/www.radiolimari.cl\/index.php?rest_route=%2Fwp%2Fv2%2Fmedia&parent=6230"}],"wp:term":[{"taxonomy":"category","embeddable":true,"href":"https:\/\/www.radiolimari.cl\/index.php?rest_route=%2Fwp%2Fv2%2Fcategories&post=6230"},{"taxonomy":"post_tag","embeddable":true,"href":"https:\/\/www.radiolimari.cl\/index.php?rest_route=%2Fwp%2Fv2%2Ftags&post=6230"}],"curies":[{"name":"wp","href":"https:\/\/api.w.org\/{rel}","templated":true}]}}