{"id":6224,"date":"2021-11-09T13:20:24","date_gmt":"2021-11-09T13:20:24","guid":{"rendered":"http:\/\/www.radiolimari.cl\/?p=6224"},"modified":"2021-11-09T13:20:24","modified_gmt":"2021-11-09T13:20:24","slug":"se-rechaza-recurso-de-proteccion-contra-ministro-de-salud-por-pase-de-movilidad-en-corte-de-la-serena","status":"publish","type":"post","link":"https:\/\/www.radiolimari.cl\/?p=6224","title":{"rendered":"Se rechaza recurso de protecci\u00f3n contra Ministro de Salud por pase de movilidad en Corte de La Serena"},"content":{"rendered":"<p><a href=\"https:\/\/www.radiolimari.cl\/wp-content\/uploads\/2021\/11\/9.11-salud.jpg\"><img fetchpriority=\"high\" decoding=\"async\" class=\"alignnone size-medium wp-image-6225\" src=\"https:\/\/www.radiolimari.cl\/wp-content\/uploads\/2021\/11\/9.11-salud-300x200.jpg\" alt=\"9.11 salud\" width=\"300\" height=\"200\" srcset=\"https:\/\/www.radiolimari.cl\/wp-content\/uploads\/2021\/11\/9.11-salud-300x200.jpg 300w, https:\/\/www.radiolimari.cl\/wp-content\/uploads\/2021\/11\/9.11-salud-1024x684.jpg 1024w\" sizes=\"(max-width: 300px) 100vw, 300px\" \/><\/a><\/p>\n<p>La Corte de Apelaciones de La Serena rechaz\u00f3 recurso de protecci\u00f3n interpuesto contra del Ministro de Salud, Oscar Enrique Paris Mancilla, por un grupo de ciudadanos de la regi\u00f3n de Coquimbo en contra de las modificaciones del pase de movilidad.<!--more--><\/p>\n<p>En fallo un\u00e1nime (causa rol 1549-2021), la Segunda Sala del tribunal de alzada \u2013integrada por los ministros Sergio Troncoso Espinoza, Carlos Jorquera Pe\u00f1aloza y el abogado integrante Jorge Fonseca Dittus\u2013 rechaz\u00f3 la acci\u00f3n\u00a0 por considerar que la medida adoptada la autoridad sanitaria se encuadra en el marco normativo del ordenamiento jur\u00eddico vigente, y la alerta sanitaria que rige en el territorio nacional.<\/p>\n<p>\u201cEn este entendido, la dictaci\u00f3n de la resoluci\u00f3n impugnada, en cuanto promueve la vacunaci\u00f3n de la poblaci\u00f3n en general, no obedece al mero capricho de la autoridad sanitaria, sino que a la necesidad de adoptar medidas efectivas que permitan evitar la propagaci\u00f3n del contagio por COVID-19, que se encuentran debidamente respaldadas por informaci\u00f3n cient\u00edfica y estad\u00edstica, y que permiten justificar un trato diferenciado entre las personas que se han vacunado y aquellas que no lo han hecho, toda vez que las primeras presentan una importante disminuci\u00f3n de la incidencia de casos de COVID-19, lo que disminuye evidentemente los riesgos de propagaci\u00f3n de la enfermedad, y adem\u00e1s, en caso de enfermar, presentan tasas notoriamente m\u00e1s bajas de ocupaci\u00f3n de camas UCI y de fallecimientos\u201d, se\u00f1ala el fallo.<\/p>\n<p>La resoluci\u00f3n agrega que: \u201cla aplicaci\u00f3n de la Resoluci\u00f3n Exenta N\u00b0644, en lo que dice relaci\u00f3n al pase de movilidad, no importa una medida desproporcionada en perjuicio de quienes por sus convicciones personales han decidido no vacunarse (\u2026), sino que por el contrario, las distinciones establecidas en la norma impugnada son razonables y se encuentran debidamente justificadas por motivos de salud p\u00fablica, haciendo que en este caso deba primar el inter\u00e9s general de la comunidad, pues es precisamente el derecho a la vida y a la integridad f\u00edsica y ps\u00edquica de la poblaci\u00f3n en general a la que se busca proteger\u201d.<\/p>\n<p>Por tanto, \u201cpor estas consideraciones y lo establecido en los art\u00edculos 19 y 20 de la Constituci\u00f3n Pol\u00edtica de la Rep\u00fablica y Auto Acordado de la Excma. Corte Suprema sobre Tramitaci\u00f3n y Fallo del Recurso de Protecci\u00f3n, SE RECHAZA, con costas, el recurso de protecci\u00f3n deducido\u201d.<\/p>\n","protected":false},"excerpt":{"rendered":"<p>La Corte de Apelaciones de La Serena rechaz\u00f3 recurso de protecci\u00f3n interpuesto contra del Ministro de Salud, Oscar Enrique Paris Mancilla, por un grupo de ciudadanos de la regi\u00f3n de Coquimbo en contra de las modificaciones del pase de movilidad.<\/p>\n","protected":false},"author":2,"featured_media":6225,"comment_status":"open","ping_status":"open","sticky":false,"template":"","format":"standard","meta":{"footnotes":""},"categories":[3],"tags":[],"class_list":["post-6224","post","type-post","status-publish","format-standard","has-post-thumbnail","hentry","category-actualidad"],"_links":{"self":[{"href":"https:\/\/www.radiolimari.cl\/index.php?rest_route=\/wp\/v2\/posts\/6224","targetHints":{"allow":["GET"]}}],"collection":[{"href":"https:\/\/www.radiolimari.cl\/index.php?rest_route=\/wp\/v2\/posts"}],"about":[{"href":"https:\/\/www.radiolimari.cl\/index.php?rest_route=\/wp\/v2\/types\/post"}],"author":[{"embeddable":true,"href":"https:\/\/www.radiolimari.cl\/index.php?rest_route=\/wp\/v2\/users\/2"}],"replies":[{"embeddable":true,"href":"https:\/\/www.radiolimari.cl\/index.php?rest_route=%2Fwp%2Fv2%2Fcomments&post=6224"}],"version-history":[{"count":1,"href":"https:\/\/www.radiolimari.cl\/index.php?rest_route=\/wp\/v2\/posts\/6224\/revisions"}],"predecessor-version":[{"id":6226,"href":"https:\/\/www.radiolimari.cl\/index.php?rest_route=\/wp\/v2\/posts\/6224\/revisions\/6226"}],"wp:featuredmedia":[{"embeddable":true,"href":"https:\/\/www.radiolimari.cl\/index.php?rest_route=\/wp\/v2\/media\/6225"}],"wp:attachment":[{"href":"https:\/\/www.radiolimari.cl\/index.php?rest_route=%2Fwp%2Fv2%2Fmedia&parent=6224"}],"wp:term":[{"taxonomy":"category","embeddable":true,"href":"https:\/\/www.radiolimari.cl\/index.php?rest_route=%2Fwp%2Fv2%2Fcategories&post=6224"},{"taxonomy":"post_tag","embeddable":true,"href":"https:\/\/www.radiolimari.cl\/index.php?rest_route=%2Fwp%2Fv2%2Ftags&post=6224"}],"curies":[{"name":"wp","href":"https:\/\/api.w.org\/{rel}","templated":true}]}}