{"id":6215,"date":"2021-11-05T19:15:40","date_gmt":"2021-11-05T19:15:40","guid":{"rendered":"http:\/\/www.radiolimari.cl\/?p=6215"},"modified":"2021-11-05T19:15:40","modified_gmt":"2021-11-05T19:15:40","slug":"se-acerca-el-sueno-de-los-integrantes-del-conjunto-habitacional-san-sebastian-de-ovalle","status":"publish","type":"post","link":"https:\/\/www.radiolimari.cl\/?p=6215","title":{"rendered":"Se acerca el sue\u00f1o de los integrantes del conjunto habitacional San Sebasti\u00e1n de Ovalle"},"content":{"rendered":"<p><a href=\"https:\/\/www.radiolimari.cl\/wp-content\/uploads\/2021\/11\/5.11-Firma-de-Contrato-San-Sebasti\u00e1n.jpg\"><img fetchpriority=\"high\" decoding=\"async\" class=\"alignnone size-medium wp-image-6216\" src=\"https:\/\/www.radiolimari.cl\/wp-content\/uploads\/2021\/11\/5.11-Firma-de-Contrato-San-Sebasti\u00e1n-300x199.jpg\" alt=\"5.11 Firma de Contrato San Sebasti\u00e1n\" width=\"300\" height=\"199\" srcset=\"https:\/\/www.radiolimari.cl\/wp-content\/uploads\/2021\/11\/5.11-Firma-de-Contrato-San-Sebasti\u00e1n-300x199.jpg 300w, https:\/\/www.radiolimari.cl\/wp-content\/uploads\/2021\/11\/5.11-Firma-de-Contrato-San-Sebasti\u00e1n-1024x682.jpg 1024w, https:\/\/www.radiolimari.cl\/wp-content\/uploads\/2021\/11\/5.11-Firma-de-Contrato-San-Sebasti\u00e1n.jpg 1280w\" sizes=\"(max-width: 300px) 100vw, 300px\" \/><\/a><\/p>\n<p><strong><em>Las representantes de los comit\u00e9s procasa Sue\u00f1o Anhelado, Ebenezer, Padre Alberto Hurtado y Cardenal Silva Henr\u00edquez, junto al alcalde de Ovalle, Claudio Renter\u00eda, firmaron el contrato con la empresa constructora R\u00edo Limar\u00ed, quienes ser\u00e1n los encargados de llevar a cabo la construcci\u00f3n de 158 viviendas y las obras de urbanizaci\u00f3n.<\/em><\/strong><!--more--><\/p>\n<p>Un paso importante dieron los integrantes del futuro conjunto habitacional San Sebasti\u00e1n, tras firmar el contrato con la empresa constructora R\u00edo Limar\u00ed, quienes ser\u00e1n los encargados de construir las 158 viviendas, obras comunitarias y de urbanizaci\u00f3n.<\/p>\n<p>En la jornada participaron las representantes de los comit\u00e9s procasa Sue\u00f1o Anhelado, Ebenezer, Padre Alberto Hurtado y Cardenal Silva Henr\u00edquez, quienes junto al alcalde Claudio Renter\u00eda y los profesionales de la Oficina de la Vivienda cumplieron este acuerdo que permitir\u00e1 darle mayor seguridad a estos grupos familiares que sue\u00f1an con su casa propia.<\/p>\n<p>En lo que respecta a los pasos a seguir, se deben cumplir los algunos tr\u00e1mites administrativos, por lo que se estima que los trabajos f\u00edsicos, en los terrenos aleda\u00f1os al Liceo Agr\u00edcola, se iniciar\u00e1n durante la segunda semana de noviembre.<\/p>\n<p>La empresa R\u00edo Limar\u00ed deber\u00e1 ejecutar este proyecto habitacional en un periodo de 21 meses, el cual incluye la construcci\u00f3n de 158 viviendas, obras de urbanizaci\u00f3n y una multicancha, esta \u00faltima se podr\u00e1 habilitar gracias al financiamiento que aport\u00f3 el municipio de Ovalle.<\/p>\n<p>En este sentido, el alcalde Claudio Renter\u00eda indic\u00f3 que la firma del documento \u00abes parte de los compromisos que hicimos con las 158 familias que integran el loteo San Sebasti\u00e1n. Hemos trabajado mucho para que este proyecto se ejecute y ahora dimos un paso muy importante, por lo que esperamos que, prontamente, se inicien los movimientos de tierra y la construcci\u00f3n de las viviendas\u00bb. En tanto, la presidenta del comit\u00e9 procasa Padre Alberto Hurtado, Mar\u00eda Cort\u00e9s indic\u00f3 que \u201chan sido a\u00f1os de mucho esfuerzo, de altos y bajos, pero lo positivo es que vamos por buen camino porque ya estamos en la etapa final. Agradecemos el trabajo que ha hecho el municipio y de todos quienes nos han apoyado, y esperamos que se inicie, lo antes posible, la construcci\u00f3n de nuestras viviendas\u201d.<\/p>\n","protected":false},"excerpt":{"rendered":"<p>Las representantes de los comit\u00e9s procasa Sue\u00f1o Anhelado, Ebenezer, Padre Alberto Hurtado y Cardenal Silva Henr\u00edquez, junto al alcalde de Ovalle, Claudio Renter\u00eda, firmaron el contrato con la empresa constructora R\u00edo Limar\u00ed, quienes ser\u00e1n los encargados de llevar a cabo la construcci\u00f3n de 158 viviendas y las obras de urbanizaci\u00f3n.<\/p>\n","protected":false},"author":2,"featured_media":6216,"comment_status":"open","ping_status":"open","sticky":false,"template":"","format":"standard","meta":{"footnotes":""},"categories":[5],"tags":[],"class_list":["post-6215","post","type-post","status-publish","format-standard","has-post-thumbnail","hentry","category-actualidad-limarina"],"_links":{"self":[{"href":"https:\/\/www.radiolimari.cl\/index.php?rest_route=\/wp\/v2\/posts\/6215","targetHints":{"allow":["GET"]}}],"collection":[{"href":"https:\/\/www.radiolimari.cl\/index.php?rest_route=\/wp\/v2\/posts"}],"about":[{"href":"https:\/\/www.radiolimari.cl\/index.php?rest_route=\/wp\/v2\/types\/post"}],"author":[{"embeddable":true,"href":"https:\/\/www.radiolimari.cl\/index.php?rest_route=\/wp\/v2\/users\/2"}],"replies":[{"embeddable":true,"href":"https:\/\/www.radiolimari.cl\/index.php?rest_route=%2Fwp%2Fv2%2Fcomments&post=6215"}],"version-history":[{"count":1,"href":"https:\/\/www.radiolimari.cl\/index.php?rest_route=\/wp\/v2\/posts\/6215\/revisions"}],"predecessor-version":[{"id":6217,"href":"https:\/\/www.radiolimari.cl\/index.php?rest_route=\/wp\/v2\/posts\/6215\/revisions\/6217"}],"wp:featuredmedia":[{"embeddable":true,"href":"https:\/\/www.radiolimari.cl\/index.php?rest_route=\/wp\/v2\/media\/6216"}],"wp:attachment":[{"href":"https:\/\/www.radiolimari.cl\/index.php?rest_route=%2Fwp%2Fv2%2Fmedia&parent=6215"}],"wp:term":[{"taxonomy":"category","embeddable":true,"href":"https:\/\/www.radiolimari.cl\/index.php?rest_route=%2Fwp%2Fv2%2Fcategories&post=6215"},{"taxonomy":"post_tag","embeddable":true,"href":"https:\/\/www.radiolimari.cl\/index.php?rest_route=%2Fwp%2Fv2%2Ftags&post=6215"}],"curies":[{"name":"wp","href":"https:\/\/api.w.org\/{rel}","templated":true}]}}