{"id":6209,"date":"2021-11-04T13:23:16","date_gmt":"2021-11-04T13:23:16","guid":{"rendered":"http:\/\/www.radiolimari.cl\/?p=6209"},"modified":"2021-11-04T13:23:16","modified_gmt":"2021-11-04T13:23:16","slug":"sence-y-talento-digital-para-chile-lanzan-becas-para-reconvertirte-en-un-emprendedor-digital","status":"publish","type":"post","link":"https:\/\/www.radiolimari.cl\/?p=6209","title":{"rendered":"Sence y Talento Digital para Chile lanzan becas para reconvertirte en un emprendedor digital"},"content":{"rendered":"<p><a href=\"https:\/\/www.radiolimari.cl\/wp-content\/uploads\/2021\/11\/4.11-person-typing.jpg\"><img fetchpriority=\"high\" decoding=\"async\" class=\"alignnone size-medium wp-image-6210\" src=\"https:\/\/www.radiolimari.cl\/wp-content\/uploads\/2021\/11\/4.11-person-typing-300x200.jpg\" alt=\"4.11 person typing\" width=\"300\" height=\"200\" srcset=\"https:\/\/www.radiolimari.cl\/wp-content\/uploads\/2021\/11\/4.11-person-typing-300x200.jpg 300w, https:\/\/www.radiolimari.cl\/wp-content\/uploads\/2021\/11\/4.11-person-typing-1024x682.jpg 1024w, https:\/\/www.radiolimari.cl\/wp-content\/uploads\/2021\/11\/4.11-person-typing.jpg 1089w\" sizes=\"(max-width: 300px) 100vw, 300px\" \/><\/a><\/p>\n<p class=\"Normal1\" style=\"text-align: justify; text-justify: inter-ideograph;\"><b><span lang=\"es\" style=\"font-size: 14.0pt; line-height: 115%; font-family: 'Calibri Light',sans-serif; color: #002060;\">Sence y Talento Digital para Chile lanzan becas para reconvertirte en un emprendedor digital<\/span><\/b><!--more--><\/p>\n<p>El Servicio Nacional de Capacitaci\u00f3n y Empleo (Sence) y Talento Digital para Chile anunciaron la apertura de 1.350 nuevas becas a nivel nacional orientadas a cubrir la demanda de profesionales digitales en el mercado y brindar oportunidades de reconversi\u00f3n laboral a personas que hayan quedado sin empleo o que est\u00e9n trabajando de manera independiente.<\/p>\n<p>Esta es la segunda convocatoria de \u201cRein\u00edciate en Digital\u201d a\u00f1o 2021, en donde no solo se dictar\u00e1n cursos relacionados con la programaci\u00f3n y el dise\u00f1o, sino que tambi\u00e9n con el emprendimiento digital. En el caso de la regi\u00f3n de Coquimbo se destinaron 30 cupos para el curso \u2018Emprendimiento Digital con Programaci\u00f3n\u2019.<\/p>\n<p>Tras realizar este curso, los\/as egresados\/as contar\u00e1n con las herramientas que les permitir\u00e1n crear un Producto M\u00ednimo Viable (MVP) el cual posibilitar\u00e1 validar por lo menos una parte de tu negocio. Podr\u00e1n manejar herramientas de Learn Startup, Design Thinking, Dise\u00f1o y Prototipamiento de la Experiencia Usuaria, Visi\u00f3n y Gesti\u00f3n \u00c1gil del Producto, sumado a las habilidades que contaran \u00a0para la implementaci\u00f3n y desarrollo de un prototipo funcional de un aplicativo web.<\/p>\n<p>Carlos Covarrubias, director regional de Sence, se refiri\u00f3 a esta nueva capacitaci\u00f3n destacando que \u201choy nadie pondr\u00eda en duda que la transformaci\u00f3n digital del empleo se ha visto sumamente acelerada. Pero esto tambi\u00e9n ofrece una nueva oportunidad para desarrollar emprendimientos que aprovechen el uso de las tecnolog\u00edas. En este sentido, las personas que deseen incursionar en esta \u00e1rea de negocios deben adquirir y aplicar nuevas competencias tecnol\u00f3gicas\u201d.<\/p>\n<p>En tanto, el Seremi del Trabajo y Previsi\u00f3n Social, Mat\u00edas Villalobos, se\u00f1al\u00f3 que \u201ces una excelente oportunidad de adquirir nuevos conocimientos que permiten incursionar en el \u00e1rea digital y el emprendimiento. Desde el Gobierno continuamos entregando todas las herramientas y facilitando el acceso, para que m\u00e1s personas puedan sumarse a nuevas capacitaciones que los prepara con competencias tecnol\u00f3gicas y digitales para enfrentar la era digital que enfrenta el mundo del trabajo\u201d.<\/p>\n<p>&nbsp;<\/p>\n<p><strong>Curso gratuito y con subsidio a la conectividad<\/strong><\/p>\n<p>El curso \u2018Emprendimiento Digital con Programaci\u00f3n\u2019 tiene una duraci\u00f3n de 450 horas (alrededor de cuatro meses), en donde los\/as participantes podr\u00e1n desarrollar prototipos funcionales y MVP de aplicaciones web utilizando el entorno Ruby y metodolog\u00edas \u00e1giles para responder a las distintas oportunidades de negocio.<\/p>\n<p>La capacitaci\u00f3n es en formato online, mezclando contenidos asincr\u00f3nicos con clases a distancia sincr\u00f3nicas, con asistencia directa del instructor designado, una capacitaci\u00f3n completamente gratuita y que cuenta con un subsidio de tres mil pesos diarios para asegurar una adecuada conexi\u00f3n a internet.<\/p>\n<p>Las personas interesadas en participar de esta intensa capacitaci\u00f3n deben ser mayores de 18 a\u00f1os, y contar con ense\u00f1anza media completa al momento de su postulaci\u00f3n. Adem\u00e1s, deber\u00e1n contar con uno de los siguientes requisitos (SOLO BASTA CONTAR CON UNO DE ESTOS REQUSITOS):<\/p>\n<ul>\n<li>Contar con Registro Social Hogares y estar dentro del 40% y 80% m\u00e1s vulnerable de la poblaci\u00f3n.<\/li>\n<li>Encontrarse cesante al momento de la postulaci\u00f3n, ya sea que perdiste tu empleo, buscas trabajo por primera vez o inactivo laboralmente.<\/li>\n<li>Ser independiente que emite boletas de honorarios y tiene un ingreso imponible mensual promedio de hasta $900.000.<\/li>\n<li>Encontrarse empleado y tener un ingreso imponible mensual de hasta $900.000 y contar con al menos 6 cotizaciones previsionales durante los \u00faltimos 24 meses.<\/li>\n<li>Ser socio o trabajador de una microempresa, cuyas ventas no superen las UF 2.400 al a\u00f1o.<\/li>\n<\/ul>\n<p>&nbsp;<\/p>\n<p>Sumado a esto, una vez inscrito\/a, el \/la postulante deber\u00e1 rendir satisfactoriamente dos tests de admisi\u00f3n en l\u00ednea:<\/p>\n<ul>\n<li>Un test psicolaboral (DCT)<\/li>\n<li>Un test l\u00f3gico matem\u00e1tico (ARP), en el cual deber\u00e1s obtener un puntaje m\u00ednimo para continuar con tu postulaci\u00f3n.<\/li>\n<\/ul>\n<p>Para postular, las personas interesadas deber\u00e1n ingresar directamente a\u00a0 \u00a0www.talentodigitalparachile.cl\u00a0\u00a0Las postulaciones estar\u00e1n abiertas hasta 23 de noviembre.<\/p>\n<p>&nbsp;<\/p>\n","protected":false},"excerpt":{"rendered":"<p>Sence y Talento Digital para Chile lanzan becas para reconvertirte en un emprendedor digital<\/p>\n","protected":false},"author":2,"featured_media":6210,"comment_status":"open","ping_status":"open","sticky":false,"template":"","format":"standard","meta":{"footnotes":""},"categories":[3],"tags":[],"class_list":["post-6209","post","type-post","status-publish","format-standard","has-post-thumbnail","hentry","category-actualidad"],"_links":{"self":[{"href":"https:\/\/www.radiolimari.cl\/index.php?rest_route=\/wp\/v2\/posts\/6209","targetHints":{"allow":["GET"]}}],"collection":[{"href":"https:\/\/www.radiolimari.cl\/index.php?rest_route=\/wp\/v2\/posts"}],"about":[{"href":"https:\/\/www.radiolimari.cl\/index.php?rest_route=\/wp\/v2\/types\/post"}],"author":[{"embeddable":true,"href":"https:\/\/www.radiolimari.cl\/index.php?rest_route=\/wp\/v2\/users\/2"}],"replies":[{"embeddable":true,"href":"https:\/\/www.radiolimari.cl\/index.php?rest_route=%2Fwp%2Fv2%2Fcomments&post=6209"}],"version-history":[{"count":1,"href":"https:\/\/www.radiolimari.cl\/index.php?rest_route=\/wp\/v2\/posts\/6209\/revisions"}],"predecessor-version":[{"id":6211,"href":"https:\/\/www.radiolimari.cl\/index.php?rest_route=\/wp\/v2\/posts\/6209\/revisions\/6211"}],"wp:featuredmedia":[{"embeddable":true,"href":"https:\/\/www.radiolimari.cl\/index.php?rest_route=\/wp\/v2\/media\/6210"}],"wp:attachment":[{"href":"https:\/\/www.radiolimari.cl\/index.php?rest_route=%2Fwp%2Fv2%2Fmedia&parent=6209"}],"wp:term":[{"taxonomy":"category","embeddable":true,"href":"https:\/\/www.radiolimari.cl\/index.php?rest_route=%2Fwp%2Fv2%2Fcategories&post=6209"},{"taxonomy":"post_tag","embeddable":true,"href":"https:\/\/www.radiolimari.cl\/index.php?rest_route=%2Fwp%2Fv2%2Ftags&post=6209"}],"curies":[{"name":"wp","href":"https:\/\/api.w.org\/{rel}","templated":true}]}}