{"id":6200,"date":"2021-11-02T19:30:39","date_gmt":"2021-11-02T19:30:39","guid":{"rendered":"http:\/\/www.radiolimari.cl\/?p=6200"},"modified":"2021-11-02T19:30:39","modified_gmt":"2021-11-02T19:30:39","slug":"tribunal-oral-en-lo-penal-de-ovalle-inicia-juicio-oral-por-homicidio-consumado-en-sector-de-canelilla-alta","status":"publish","type":"post","link":"https:\/\/www.radiolimari.cl\/?p=6200","title":{"rendered":"Tribunal Oral en lo Penal de Ovalle inicia juicio oral por homicidio consumado en sector de Canelilla Alta"},"content":{"rendered":"<p><a href=\"https:\/\/www.radiolimari.cl\/wp-content\/uploads\/2021\/11\/TOP-Ovalle-y-JG.jpg\"><img fetchpriority=\"high\" decoding=\"async\" class=\"alignnone size-medium wp-image-6201\" src=\"https:\/\/www.radiolimari.cl\/wp-content\/uploads\/2021\/11\/TOP-Ovalle-y-JG-300x225.jpg\" alt=\"TOP Ovalle y JG\" width=\"300\" height=\"225\" srcset=\"https:\/\/www.radiolimari.cl\/wp-content\/uploads\/2021\/11\/TOP-Ovalle-y-JG-300x225.jpg 300w, https:\/\/www.radiolimari.cl\/wp-content\/uploads\/2021\/11\/TOP-Ovalle-y-JG-1024x768.jpg 1024w, https:\/\/www.radiolimari.cl\/wp-content\/uploads\/2021\/11\/TOP-Ovalle-y-JG.jpg 1280w\" sizes=\"(max-width: 300px) 100vw, 300px\" \/><\/a><\/p>\n<p>El Tribunal de Juicio Oral en lo Penal de Ovalle comenz\u00f3 este martes 2 de noviembre\u2013 el juicio oral en contra de J.P.F.A., acusado por el Ministerio P\u00fablico como autor del delito de homicidio consumado. Il\u00edcito perpetrado en mayo del 2019, en la comuna.<!--more--><\/p>\n<p>En la primera jornada del juicio (causa rol 33-2020), el tribunal \u2013integrado por los magistrados Rub\u00e9n Bustos Ortiz (presidente), Claudia Molina Contador (redactora) y Karina Hern\u00e1ndez Mu\u00f1oz\u2013 ley\u00f3 la acusaci\u00f3n fiscal que sindica al acusado como autor del il\u00edcito, para luego dar paso a los alegatos de apertura de todos los intervinientes.<\/p>\n<p>Seg\u00fan la acusaci\u00f3n fiscal, el d\u00eda 16 de Mayo de 2019, alrededor de las 18:00 horas, en un sitio eriazo del sector de Canelilla Alta S\/N, comuna de Ovalle, el imputado J.P.F.A. provisto de un elemento contundente que impresion\u00f3 a los testigos como un arma de fuego y de un cuchillo, se aproxim\u00f3 a la v\u00edctima, don E.A.P.V, insult\u00e1ndolo, para luego golpearlo con el elemento contundente en la cabeza mientras que por la espalda lo corto con el cuchillo en la zona izquierda de la espalda, y lo apu\u00f1al\u00f3, tambi\u00e9n por la espalda, con el cuchillo en la zona izquierda de la espalda, provoc\u00e1ndole la pu\u00f1alada una herida corto penetrante retroperitoneal izquierda que le ocasion\u00f3 la muerte pocos minutos despu\u00e9s en el Hospital de Ovalle, hasta donde fue trasladado por testigos del hecho.<\/p>\n<p>La audiencia continuar\u00e1 ma\u00f1ana, mi\u00e9rcoles 3 de noviembre, con la presentaci\u00f3n de testigos, peritos y dem\u00e1s medios de prueba por parte del ente persecutor. Luego, ser\u00e1 el turno de los querellantes y las defensas. El juicio deber\u00eda extenderse por cerca de 4 d\u00edas.<\/p>\n<p>&nbsp;<\/p>\n","protected":false},"excerpt":{"rendered":"<p>El Tribunal de Juicio Oral en lo Penal de Ovalle comenz\u00f3 este martes 2 de noviembre\u2013 el juicio oral en contra de J.P.F.A., acusado por el Ministerio P\u00fablico como autor del delito de homicidio consumado. Il\u00edcito perpetrado en mayo del 2019, en la comuna.<\/p>\n","protected":false},"author":2,"featured_media":6201,"comment_status":"open","ping_status":"open","sticky":false,"template":"","format":"standard","meta":{"footnotes":""},"categories":[3],"tags":[],"class_list":["post-6200","post","type-post","status-publish","format-standard","has-post-thumbnail","hentry","category-actualidad"],"_links":{"self":[{"href":"https:\/\/www.radiolimari.cl\/index.php?rest_route=\/wp\/v2\/posts\/6200","targetHints":{"allow":["GET"]}}],"collection":[{"href":"https:\/\/www.radiolimari.cl\/index.php?rest_route=\/wp\/v2\/posts"}],"about":[{"href":"https:\/\/www.radiolimari.cl\/index.php?rest_route=\/wp\/v2\/types\/post"}],"author":[{"embeddable":true,"href":"https:\/\/www.radiolimari.cl\/index.php?rest_route=\/wp\/v2\/users\/2"}],"replies":[{"embeddable":true,"href":"https:\/\/www.radiolimari.cl\/index.php?rest_route=%2Fwp%2Fv2%2Fcomments&post=6200"}],"version-history":[{"count":1,"href":"https:\/\/www.radiolimari.cl\/index.php?rest_route=\/wp\/v2\/posts\/6200\/revisions"}],"predecessor-version":[{"id":6202,"href":"https:\/\/www.radiolimari.cl\/index.php?rest_route=\/wp\/v2\/posts\/6200\/revisions\/6202"}],"wp:featuredmedia":[{"embeddable":true,"href":"https:\/\/www.radiolimari.cl\/index.php?rest_route=\/wp\/v2\/media\/6201"}],"wp:attachment":[{"href":"https:\/\/www.radiolimari.cl\/index.php?rest_route=%2Fwp%2Fv2%2Fmedia&parent=6200"}],"wp:term":[{"taxonomy":"category","embeddable":true,"href":"https:\/\/www.radiolimari.cl\/index.php?rest_route=%2Fwp%2Fv2%2Fcategories&post=6200"},{"taxonomy":"post_tag","embeddable":true,"href":"https:\/\/www.radiolimari.cl\/index.php?rest_route=%2Fwp%2Fv2%2Ftags&post=6200"}],"curies":[{"name":"wp","href":"https:\/\/api.w.org\/{rel}","templated":true}]}}