{"id":6194,"date":"2021-11-02T16:48:45","date_gmt":"2021-11-02T16:48:45","guid":{"rendered":"http:\/\/www.radiolimari.cl\/?p=6194"},"modified":"2021-11-02T16:48:45","modified_gmt":"2021-11-02T16:48:45","slug":"carabineros-de-monte-patria-se-capacitan-para-mejorar-atencion-en-violencia-de-genero","status":"publish","type":"post","link":"https:\/\/www.radiolimari.cl\/?p=6194","title":{"rendered":"Carabineros de Monte Patria se capacitan para mejorar atenci\u00f3n en Violencia de G\u00e9nero"},"content":{"rendered":"<p><a href=\"https:\/\/www.radiolimari.cl\/wp-content\/uploads\/2021\/11\/2.11-sernameg-m-patria1.jpg\"><img fetchpriority=\"high\" decoding=\"async\" class=\"alignnone size-medium wp-image-6195\" src=\"https:\/\/www.radiolimari.cl\/wp-content\/uploads\/2021\/11\/2.11-sernameg-m-patria1-300x225.jpg\" alt=\"2.11 sernameg m patria1\" width=\"300\" height=\"225\" srcset=\"https:\/\/www.radiolimari.cl\/wp-content\/uploads\/2021\/11\/2.11-sernameg-m-patria1-300x225.jpg 300w, https:\/\/www.radiolimari.cl\/wp-content\/uploads\/2021\/11\/2.11-sernameg-m-patria1-1024x768.jpg 1024w, https:\/\/www.radiolimari.cl\/wp-content\/uploads\/2021\/11\/2.11-sernameg-m-patria1.jpg 1600w\" sizes=\"(max-width: 300px) 100vw, 300px\" \/><\/a><\/p>\n<p>La capacitaci\u00f3n se desarroll\u00f3 en el camping municipal de Monte Patria. All\u00ed profesionales de SernamEG realizaron distintas presentaciones para abordar las distintas perspectivas de equidad de g\u00e9nero y la importancia en la recepci\u00f3n de las denuncias para las v\u00edctimas que sufren violencia dom\u00e9stica.<!--more--><\/p>\n<p>Avanzar en una mejor atenci\u00f3n y recepci\u00f3n de las denuncias de violencia intrafamiliar interpuestas por mujeres es uno de los ejes centrales que quiere fortalecer carabineros de Monte Patria. Este requerimiento que naci\u00f3 en la Mesa Comunal de Seguridad Publica que lidera el municipio local y desde donde gestionaron con el Ministerio de la Muer y la Equidad de G\u00e9nero, a trav\u00e9s de SernamEG, capacitar en prevenci\u00f3n de violencia y equidad de g\u00e9nero a carabineros de la Subcomisar\u00eda y destacamentos de las distintas localidades que componen la comuna<\/p>\n<p>La capacitaci\u00f3n se desarroll\u00f3 en el camping municipal de Monte Patria. All\u00ed profesionales de SernamEG realizaron distintas presentaciones para abordar las distintas perspectivas de equidad de g\u00e9nero y la importancia en la recepci\u00f3n de las denuncias para las v\u00edctimas que sufren violencia dom\u00e9stica.<\/p>\n<p>La seremi de la Mujer, Iv\u00f3n Guerra estuvo presente durante la capacitaci\u00f3n y valor\u00f3 entusiasmo de los efectivos policiales para mejorar su atenci\u00f3n en esta materia, <strong>\u201cagradezco a la municipalidad que se preocupe de estos temas tan relevantes. Hoy las mujeres contin\u00faan confiando m\u00e1s en carabineros para realizar las denuncias por lo mismo es relevante que ellos y ellas entiendan que la primera acogida o recepci\u00f3n de la denuncia debe ser adecuada. Denunciar para una mujer violentada no es f\u00e1cil, llega llena de miedos y verg\u00fcenza pero si tiene una buena y emp\u00e1tica recepci\u00f3n todo resulta mejor. La violencia contra las mujeres debemos abordarla de distintas aristas y esta es una de ellas. Me quedo con la satisfacci\u00f3n del inter\u00e9s y las ganas de perfeccionarse de los distintos carabineros que participaron en esta capacitaci\u00f3n\u201d <\/strong><\/p>\n<p>Por su parte, el alcalde de la comuna, Cristian Herrera\u00a0 tambi\u00e9n destac\u00f3 la actividad y se\u00f1al\u00f3 que su administraci\u00f3n tiene como eje prioritario el cuidado y fortalecimiento de la mujer, <strong>\u201cla municipalidad de Monte Patria tiene claro que nuestra comuna debe avanzar en estrategias para reducir la violencia de g\u00e9nero. Por lo mismo, bajo mi gesti\u00f3n hemos levantando una oficina integral de la mujer que se acopla con este tipo de actividades que nacen de la Mesa de Seguridad P\u00fablica como lo es la capacitaci\u00f3n a carabineros. Queremos que nuestros carabineros tengan los conocimientos necesarios para actuar, escuchar y contener a las mujeres v\u00edctimas de violencia y este un gran avance en esa direcci\u00f3n. Carabineros es un aliado para las mujeres v\u00edctimas de violencia\u201d. <\/strong><\/p>\n<p>En tanto, una de las efectivas capacitadas es la Sargento Maria Araya rojas\u00a0 subcomisaria de Monte Patria, quien agradeci\u00f3 la instancia, \u201c<strong>muy interesante, la expositora \u00a0maravillosa, me pareci\u00f3 muy bueno el tema de sensibilizar a carabineros porque ayuda\u00a0 a mejorar nuestro trabajo y procedimientos. Siempre es bueno aprender y perfeccionarse y m\u00e1s a\u00fan en esta tem\u00e1tica que est\u00e1 siendo tan relevante hoy en d\u00eda (\u2026) ojal\u00e1 sigan realiz\u00e1ndose m\u00e1s capacitaciones\u201d.<\/strong><strong>\u00a0<\/strong><\/p>\n<p>Finalmente, la Directora Regional del Servicio Nacional de la Mujer y la Equidad de G\u00e9nero (SernamEG), Mar\u00eda Soledad Rojas Pinto, destac\u00f3 el trabajo realizado desde el Programa de \u201cPrevenci\u00f3n de Violencia contra las Mujeres\u201d, impulsado por SernamEG,<strong> \u201cerradicar la violencia contra la mujer es tarea de todos y todas, incluido cada uno de los actores del Estado. Es por ello, que como instituci\u00f3n, nos alegra ser testigos del compromiso y disposici\u00f3n de Carabineros, quienes permitieron esta oportunidad para fortalecer una atenci\u00f3n m\u00e1s cercana y sensible para abordar los distintos procedimientos a los que sean encomendados en cualquier territorio Las mujeres de nuestra regi\u00f3n no est\u00e1n solas.\u201d, <\/strong>cerr\u00f3<\/p>\n<p>&nbsp;<\/p>\n<p>&nbsp;<\/p>\n","protected":false},"excerpt":{"rendered":"<p>La capacitaci\u00f3n se desarroll\u00f3 en el camping municipal de Monte Patria. All\u00ed profesionales de SernamEG realizaron distintas presentaciones para abordar las distintas perspectivas de equidad de g\u00e9nero y la importancia en la recepci\u00f3n de las denuncias para las v\u00edctimas que sufren violencia dom\u00e9stica.<\/p>\n","protected":false},"author":2,"featured_media":6195,"comment_status":"open","ping_status":"open","sticky":false,"template":"","format":"standard","meta":{"footnotes":""},"categories":[6],"tags":[],"class_list":["post-6194","post","type-post","status-publish","format-standard","has-post-thumbnail","hentry","category-regionales"],"_links":{"self":[{"href":"https:\/\/www.radiolimari.cl\/index.php?rest_route=\/wp\/v2\/posts\/6194","targetHints":{"allow":["GET"]}}],"collection":[{"href":"https:\/\/www.radiolimari.cl\/index.php?rest_route=\/wp\/v2\/posts"}],"about":[{"href":"https:\/\/www.radiolimari.cl\/index.php?rest_route=\/wp\/v2\/types\/post"}],"author":[{"embeddable":true,"href":"https:\/\/www.radiolimari.cl\/index.php?rest_route=\/wp\/v2\/users\/2"}],"replies":[{"embeddable":true,"href":"https:\/\/www.radiolimari.cl\/index.php?rest_route=%2Fwp%2Fv2%2Fcomments&post=6194"}],"version-history":[{"count":1,"href":"https:\/\/www.radiolimari.cl\/index.php?rest_route=\/wp\/v2\/posts\/6194\/revisions"}],"predecessor-version":[{"id":6196,"href":"https:\/\/www.radiolimari.cl\/index.php?rest_route=\/wp\/v2\/posts\/6194\/revisions\/6196"}],"wp:featuredmedia":[{"embeddable":true,"href":"https:\/\/www.radiolimari.cl\/index.php?rest_route=\/wp\/v2\/media\/6195"}],"wp:attachment":[{"href":"https:\/\/www.radiolimari.cl\/index.php?rest_route=%2Fwp%2Fv2%2Fmedia&parent=6194"}],"wp:term":[{"taxonomy":"category","embeddable":true,"href":"https:\/\/www.radiolimari.cl\/index.php?rest_route=%2Fwp%2Fv2%2Fcategories&post=6194"},{"taxonomy":"post_tag","embeddable":true,"href":"https:\/\/www.radiolimari.cl\/index.php?rest_route=%2Fwp%2Fv2%2Ftags&post=6194"}],"curies":[{"name":"wp","href":"https:\/\/api.w.org\/{rel}","templated":true}]}}