{"id":6191,"date":"2021-11-02T15:35:14","date_gmt":"2021-11-02T15:35:14","guid":{"rendered":"http:\/\/www.radiolimari.cl\/?p=6191"},"modified":"2021-11-02T15:35:43","modified_gmt":"2021-11-02T15:35:43","slug":"festival-ovalle-cultura-se-reencontrara-de-forma-presencial-con-su-publico","status":"publish","type":"post","link":"https:\/\/www.radiolimari.cl\/?p=6191","title":{"rendered":"Festival Ovalle Cultura se reencontrar\u00e1 de forma presencial con su p\u00fablico"},"content":{"rendered":"<p><a href=\"https:\/\/www.radiolimari.cl\/wp-content\/uploads\/2021\/11\/2.11-muro-de-escalada.jpg\"><img fetchpriority=\"high\" decoding=\"async\" class=\"alignnone size-medium wp-image-6192\" src=\"https:\/\/www.radiolimari.cl\/wp-content\/uploads\/2021\/11\/2.11-muro-de-escalada-300x225.jpg\" alt=\"2.11 muro de escalada\" width=\"300\" height=\"225\" srcset=\"https:\/\/www.radiolimari.cl\/wp-content\/uploads\/2021\/11\/2.11-muro-de-escalada-300x225.jpg 300w, https:\/\/www.radiolimari.cl\/wp-content\/uploads\/2021\/11\/2.11-muro-de-escalada-1024x768.jpg 1024w, https:\/\/www.radiolimari.cl\/wp-content\/uploads\/2021\/11\/2.11-muro-de-escalada.jpg 1200w\" sizes=\"(max-width: 300px) 100vw, 300px\" \/><\/a><\/p>\n<p><strong>La Plaza de la Salud ser\u00e1 el escenario para la nueva versi\u00f3n de este festival que se llevar\u00e1 a cabo el pr\u00f3ximo 06 de noviembre a partir de las 12:00 horas<\/strong><!--more--><\/p>\n<p>Comienza noviembre con un panorama familiar imperdible. Se trata del Festival Ovalle Cultura\u00a0 2021, organizado por la Corporaci\u00f3n Cultural Municipal de Ovalle, que entra oficialmente en su regresiva para reencontrarse de forma presencial con el p\u00fablico.<\/p>\n<p>Ocho solistas y\/o bandas formar\u00e1n parte del evento que\u00a0 se llevar\u00e1 a cabo este s\u00e1bado 6 de noviembre a partir de las 12:00 horas en la Plaza de La Salud.<\/p>\n<p>Se trata de Jopnes &amp; DJ DGK, el Grupo Tamaya, Quinto Mono, Santyno, Hesper, 4 Stigma, D-43 y Valle de Copaos, quienes fueron parte de una convocatoria abierta y cuya selecci\u00f3n se dio a conocer el pasado 7 de octubre.<\/p>\n<p>En el escenario central adem\u00e1s de los talentosos representantes musicales de Ovalle se presentar\u00e1 una de las revelaciones de la escena nacional, Soulfia, quien con su mezcla de trap, R&amp;B, soul y delicadeza interpretativa pretende cautivar al p\u00fablico asistente en esta jornada.<\/p>\n<p>\u201cYa son 2 a\u00f1os sin poder estar en el espacio p\u00fablico con el festival, as\u00ed que nos entusiasma mucho poder realizar esta edici\u00f3n \u2013que a diferencia de las versiones anteriores- ser\u00e1 en la Plaza de la Salud (frente al antiguo hospital). \u00a0Queremos que quienes asistan lo hagan con plena confianza y seguridad de que activaremos todos los protocolos sanitarios exigidos por el Ministerio de Salud. Cabe destacar que el aforo m\u00e1ximo ser\u00e1 de 1000 personas y los asistentes deber\u00e1n contar con su pase de movilidad\u201d as\u00ed lo se\u00f1al\u00f3 el director ejecutivo de la Corporaci\u00f3n Cultural Municipal de Ovalle.<\/p>\n<p>Adem\u00e1s de la nutrida parrilla musical que dar\u00e1 vida a la cuarta versi\u00f3n del festival, la Plaza de la Salud se convertir\u00e1 en espacio para que las familias disfruten de manera segura, durante todo el s\u00e1bado, de foodtruks, industrias creativas, actividades recreativas como Muro de Escaladas, Slack Line, talleres art\u00edsticos, presentaciones de danza y mucho m\u00e1s.<\/p>\n","protected":false},"excerpt":{"rendered":"<p>La Plaza de la Salud ser\u00e1 el escenario para la nueva versi\u00f3n de este festival que se llevar\u00e1 a cabo el pr\u00f3ximo 06 de noviembre a partir de las 12:00 horas<\/p>\n","protected":false},"author":2,"featured_media":6192,"comment_status":"open","ping_status":"open","sticky":false,"template":"","format":"standard","meta":{"footnotes":""},"categories":[5],"tags":[],"class_list":["post-6191","post","type-post","status-publish","format-standard","has-post-thumbnail","hentry","category-actualidad-limarina"],"_links":{"self":[{"href":"https:\/\/www.radiolimari.cl\/index.php?rest_route=\/wp\/v2\/posts\/6191","targetHints":{"allow":["GET"]}}],"collection":[{"href":"https:\/\/www.radiolimari.cl\/index.php?rest_route=\/wp\/v2\/posts"}],"about":[{"href":"https:\/\/www.radiolimari.cl\/index.php?rest_route=\/wp\/v2\/types\/post"}],"author":[{"embeddable":true,"href":"https:\/\/www.radiolimari.cl\/index.php?rest_route=\/wp\/v2\/users\/2"}],"replies":[{"embeddable":true,"href":"https:\/\/www.radiolimari.cl\/index.php?rest_route=%2Fwp%2Fv2%2Fcomments&post=6191"}],"version-history":[{"count":1,"href":"https:\/\/www.radiolimari.cl\/index.php?rest_route=\/wp\/v2\/posts\/6191\/revisions"}],"predecessor-version":[{"id":6193,"href":"https:\/\/www.radiolimari.cl\/index.php?rest_route=\/wp\/v2\/posts\/6191\/revisions\/6193"}],"wp:featuredmedia":[{"embeddable":true,"href":"https:\/\/www.radiolimari.cl\/index.php?rest_route=\/wp\/v2\/media\/6192"}],"wp:attachment":[{"href":"https:\/\/www.radiolimari.cl\/index.php?rest_route=%2Fwp%2Fv2%2Fmedia&parent=6191"}],"wp:term":[{"taxonomy":"category","embeddable":true,"href":"https:\/\/www.radiolimari.cl\/index.php?rest_route=%2Fwp%2Fv2%2Fcategories&post=6191"},{"taxonomy":"post_tag","embeddable":true,"href":"https:\/\/www.radiolimari.cl\/index.php?rest_route=%2Fwp%2Fv2%2Ftags&post=6191"}],"curies":[{"name":"wp","href":"https:\/\/api.w.org\/{rel}","templated":true}]}}