 
  {"id":6141,"date":"2021-10-28T16:51:56","date_gmt":"2021-10-28T16:51:56","guid":{"rendered":"http:\/\/www.radiolimari.cl\/?p=6141"},"modified":"2021-11-15T20:04:00","modified_gmt":"2021-11-15T20:04:00","slug":"6141","status":"publish","type":"post","link":"https:\/\/www.radiolimari.cl\/?p=6141","title":{"rendered":""},"content":{"rendered":"<p><a href=\"https:\/\/www.radiolimari.cl\/wp-content\/uploads\/2021\/10\/DISE\u00d1O-fondo-de-medios-estreno-27-sep.jpg\"><img fetchpriority=\"high\" decoding=\"async\" class=\"alignnone size-medium wp-image-6142\" src=\"https:\/\/www.radiolimari.cl\/wp-content\/uploads\/2021\/10\/DISE\u00d1O-fondo-de-medios-estreno-27-sep-300x180.jpg\" alt=\"DISE\u00d1O fondo de medios estreno 27 sep\" width=\"300\" height=\"180\" srcset=\"https:\/\/www.radiolimari.cl\/wp-content\/uploads\/2021\/10\/DISE\u00d1O-fondo-de-medios-estreno-27-sep-300x180.jpg 300w, https:\/\/www.radiolimari.cl\/wp-content\/uploads\/2021\/10\/DISE\u00d1O-fondo-de-medios-estreno-27-sep-1024x616.jpg 1024w, https:\/\/www.radiolimari.cl\/wp-content\/uploads\/2021\/10\/DISE\u00d1O-fondo-de-medios-estreno-27-sep.jpg 1275w\" sizes=\"(max-width: 300px) 100vw, 300px\" \/><\/a><\/p>\n<p><!--more--><\/p>\n<p><strong>ESCUCHE\u00a0 el\u00a0 CAP\u00cdTULO 4\u00a0 DEL Programa\u00a0\u201cAvanzando en Equidad de G\u00e9nero\u00a0y Erradicaci\u00f3n de Violencia Contra la Mujer\u00a0\u201c\u00a0 irradiado el 27 de septiembre de 2021<\/strong><\/p>\n\n\t<script type=\"text\/javascript\">\n    jQuery(document).ready(function(){\n      jQuery(\"#jquery_jplayer_6\").jPlayer({\n        ready: function () {\n          jQuery(this).jPlayer(\"setMedia\", {\n            mp3: \"https:\/\/www.radiolimari.cl\/wp-content\/uploads\/2021\/08\/27.9-Capitulo-4.mp3\",\n            m4a: \"\",\n            oga: \"\"\n          });\n        },\n\t\tcssSelectorAncestor: \"#jp_container_6\",\n        supplied: \"m4a, oga, mp3\"\n      });\n    });\n  <\/script> \n  <div id=\"jquery_jplayer_6\" class=\"jp-jplayer\"><\/div>\n  <div id=\"jp_container_6\" class=\"jp-audio\">\n\t<div class=\"jp-type-single\">\n\t\t<div class=\"jp-gui jp-interface\">\n\t\t\t<div class=\"jp-progress\">\n\t\t\t  <div class=\"jp-seek-bar\">\n\t\t\t\t<div class=\"jp-play-bar\"><span><\/span><\/div>\n\t\t\t<\/div>\n\t\t<\/div>\n\t\t<a href=\"javascript:;\" class=\"jp-play\" tabindex=\"1\">play<\/a>\n\t\t<a href=\"javascript:;\" class=\"jp-pause\" tabindex=\"1\">pause<\/a>\n\t\t\t\n\t\t<div class=\"jp-volume-bar\">\n\t\t\t<div class=\"jp-volume-bar-value\"><span class=\"handle\"><\/span><\/div>\n\t\t<\/div>\n\t\t\n\t\t<a href=\"javascript:;\" class=\"jp-mute\" tabindex=\"1\" title=\"mute\">mute<\/a>\n\t\t<a href=\"javascript:;\" class=\"jp-unmute\" tabindex=\"1\" title=\"unmute\">unmute<\/a>\n\t<\/div>\n\n\t<div class=\"jp-no-solution\">\n\t\t<span>Update Required<\/span>\n\t\tTo play the media you will need to either update your browser to a recent version or update your <a href=\"http:\/\/get.adobe.com\/flashplayer\/\" target=\"_blank\">Flash plugin<\/a>.\n\t<\/div>\n  <\/div>\n  <\/div>\n<p>\u201c<strong>Estos programas fueron posibles gracias al financiamiento del Fondo de Fomento de Medios de Comunicaci\u00f3n Social del Gobierno de Chile y del Consejo Regional de Coquimbo\u201d<\/strong><\/p>\n<p>CAPITULOS<\/p>\n<p><strong>Cap\u00edtulo 1, ingrese aqu\u00ed \u00a0<span style=\"color: #008000;\"><a href=\"https:\/\/www.radiolimari.cl\/?p=6151\"><span style=\"color: #008000;\">https:\/\/www.radiolimari.cl\/?p=6151<\/span><\/a><\/span><\/strong><\/p>\n<p><strong>Cap\u00edtulo 2, ingrese aqu\u00ed \u00a0<span style=\"color: #008000;\"><a href=\"https:\/\/www.radiolimari.cl\/?p=6148\"><span style=\"color: #008000;\">https:\/\/www.radiolimari.cl\/?p=6148<\/span><\/a><\/span><\/strong><\/p>\n<p><strong>Cap\u00edtulo 3, ingrese aqu\u00ed \u00a0<span style=\"color: #008000;\"><a href=\"https:\/\/www.radiolimari.cl\/?p=6145\"><span style=\"color: #008000;\">https:\/\/www.radiolimari.cl\/?p=6145<\/span><\/a><\/span><\/strong><\/p>\n<p><strong>Cap\u00edtulo 5, ingrese aqu\u00ed \u00a0<span style=\"color: #008000;\"><a href=\"https:\/\/www.radiolimari.cl\/?p=5673\"><span style=\"color: #008000;\">https:\/\/www.radiolimari.cl\/?p=5673<\/span><\/a><\/span><\/strong><\/p>\n<p>&nbsp;<\/p>\n<p>El objetivo de la iniciativa es generar 5 programas radiales grabados para hablar sobre la importancia de avanzar en equidad de g\u00e9nero y sobre la erradicaci\u00f3n de violencia contra la mujer.<\/p>\n<p>Gracias al Fondo de Fomento de Medios de Comunicaci\u00f3n Social de la Secretaria Regional Ministerial de Gobierno y del Consejo Regional de Coquimbonuestro medio de comunicaci\u00f3n\u00a0<a href=\"https:\/\/www.radiolimari.cl\/\">www.radiolimari.cl<\/a>\u00a0obtuvo fondos para ejecutar, \u201cProgramas Avanzando en Equidad de G\u00e9nero y Erradicaci\u00f3n de Violencia Contra la Mujer\u201d que busca entregar informaci\u00f3n educativa, cultural y\u00a0 recomendaciones para erradicar discriminaciones de g\u00e9nero y violencia contra la mujer.<\/p>\n<p>El objetivo de la iniciativa es generar 5 programas radiales grabados para hablar sobre la importancia de avanzar en equidad de g\u00e9nero y sobre la erradicaci\u00f3n de violencia contra la mujer. Para estos ser\u00e1n programas con invitados expertos en la materia, que nos comenten sobre la importancia de los cambios culturales, canales de apoyo y ayuda para v\u00edctimas de violencia intrafamiliar y c\u00f3mo ayudar a erradicar todo acto violento y discriminatorio contra las mujeres a trav\u00e9s de programas radiales con entrevistas de expertos, datos y recomendaciones<\/p>\n<p>La seremi de la Mujer y la Equidad de G\u00e9nero, Iv\u00f3n Guerra se mostr\u00f3 contenta con el aporte de nuestro medio de comunicaci\u00f3n ante esta tem\u00e1tica tan sensible,\u00a0<strong>\u201choy con la pandemia las mujeres la han pasado mal. La violencia se ha visibilizado mucho m\u00e1s y la inequidades y barreras tambi\u00e9n. Agradezco el compromiso de\u00a0 Radio Limar\u00ed para abordar estos temas y sobre todo entregar informaci\u00f3n y educaci\u00f3n. Avanzar hacia cambios culturales y una sociedad m\u00e1s igualitaria es tarea de todos y todas, y sin duda los medios e comunicaci\u00f3n juegan un rol preponderante\u201d<\/strong><\/p>\n<p>La iniciativa desarrollada por Radio Limar\u00ed y apoyada por el Fondo de Medios fue valorada por el seremi de Gobierno, Ignacio Pinto, quien destac\u00f3 esta apuesta.\u00a0<strong>\u201cEn este concurso vimos iniciativas muy interesantes, con gran calidad y que, sin duda, ser\u00e1n un aporte para la ciudadan\u00eda. Con estos recursos, no s\u00f3lo estamos contribuyendo a tener radios, canales de tv, web de noticias m\u00e1s empoderadas y fortalecidas, como lo ha pedido el Presidente Sebasti\u00e1n Pi\u00f1era, sino que tambi\u00e9n, que aporten a\u00fan m\u00e1s a educar y concientizar a la comunidad sobre temas relevantes como la violencia hacia la mujer\u201d, concluy\u00f3 la autoridad.<\/strong><\/p>\n<p><strong>\u00a0<\/strong><\/p>\n","protected":false},"excerpt":{"rendered":"","protected":false},"author":2,"featured_media":6175,"comment_status":"open","ping_status":"open","sticky":false,"template":"","format":"standard","meta":{"footnotes":""},"categories":[1],"tags":[],"class_list":["post-6141","post","type-post","status-publish","format-standard","has-post-thumbnail","hentry","category-sin-categoria"],"_links":{"self":[{"href":"https:\/\/www.radiolimari.cl\/index.php?rest_route=\/wp\/v2\/posts\/6141","targetHints":{"allow":["GET"]}}],"collection":[{"href":"https:\/\/www.radiolimari.cl\/index.php?rest_route=\/wp\/v2\/posts"}],"about":[{"href":"https:\/\/www.radiolimari.cl\/index.php?rest_route=\/wp\/v2\/types\/post"}],"author":[{"embeddable":true,"href":"https:\/\/www.radiolimari.cl\/index.php?rest_route=\/wp\/v2\/users\/2"}],"replies":[{"embeddable":true,"href":"https:\/\/www.radiolimari.cl\/index.php?rest_route=%2Fwp%2Fv2%2Fcomments&post=6141"}],"version-history":[{"count":6,"href":"https:\/\/www.radiolimari.cl\/index.php?rest_route=\/wp\/v2\/posts\/6141\/revisions"}],"predecessor-version":[{"id":6265,"href":"https:\/\/www.radiolimari.cl\/index.php?rest_route=\/wp\/v2\/posts\/6141\/revisions\/6265"}],"wp:featuredmedia":[{"embeddable":true,"href":"https:\/\/www.radiolimari.cl\/index.php?rest_route=\/wp\/v2\/media\/6175"}],"wp:attachment":[{"href":"https:\/\/www.radiolimari.cl\/index.php?rest_route=%2Fwp%2Fv2%2Fmedia&parent=6141"}],"wp:term":[{"taxonomy":"category","embeddable":true,"href":"https:\/\/www.radiolimari.cl\/index.php?rest_route=%2Fwp%2Fv2%2Fcategories&post=6141"},{"taxonomy":"post_tag","embeddable":true,"href":"https:\/\/www.radiolimari.cl\/index.php?rest_route=%2Fwp%2Fv2%2Ftags&post=6141"}],"curies":[{"name":"wp","href":"https:\/\/api.w.org\/{rel}","templated":true}]}}