{"id":6124,"date":"2021-10-27T15:16:18","date_gmt":"2021-10-27T15:16:18","guid":{"rendered":"http:\/\/www.radiolimari.cl\/?p=6124"},"modified":"2021-10-27T15:16:18","modified_gmt":"2021-10-27T15:16:18","slug":"en-ovalle-se-inicio-la-segunda-etapa-del-programa-quiero-mi-barrio-en-la-poblacion-8-de-julio","status":"publish","type":"post","link":"https:\/\/www.radiolimari.cl\/?p=6124","title":{"rendered":"En Ovalle se inici\u00f3 la segunda etapa del programa Quiero Mi Barrio en la poblaci\u00f3n 8 de Julio"},"content":{"rendered":"<p><a href=\"https:\/\/www.radiolimari.cl\/wp-content\/uploads\/2021\/10\/27.10-Programa-Quiero-MI-Barrio-8-de-julio.jpg\"><img fetchpriority=\"high\" decoding=\"async\" class=\"alignnone size-medium wp-image-6125\" src=\"https:\/\/www.radiolimari.cl\/wp-content\/uploads\/2021\/10\/27.10-Programa-Quiero-MI-Barrio-8-de-julio-300x200.jpg\" alt=\"27.10 Programa Quiero MI Barrio 8 de julio\" width=\"300\" height=\"200\" srcset=\"https:\/\/www.radiolimari.cl\/wp-content\/uploads\/2021\/10\/27.10-Programa-Quiero-MI-Barrio-8-de-julio-300x200.jpg 300w, https:\/\/www.radiolimari.cl\/wp-content\/uploads\/2021\/10\/27.10-Programa-Quiero-MI-Barrio-8-de-julio-1024x682.jpg 1024w\" sizes=\"(max-width: 300px) 100vw, 300px\" \/><\/a><\/p>\n<p><strong><em>Tras la realizaci\u00f3n del \u201cHito inaugural\u201d de la iniciativa, que se desarrolla gracias a un trabajo conjunto entre el municipio de Ovalle y el ministerio de Vivienda y Urbanismo, se inici\u00f3 la Fase II, donde se trabajar\u00e1 en las obras priorizadas por los vecinos, donde destaca el mejoramiento de su multicancha y de la plazoleta Los Nogales.<\/em><\/strong><!--more--><\/p>\n<p>Se inici\u00f3 la segunda etapa del programa Quiero Mi Barrio en la poblaci\u00f3n 8 de Julio. Esta iniciativa comenz\u00f3 con la denominada \u201cObra de Confianza\u201d que se tradujo en el recambio de la totalidad del alumbrado p\u00fablico por tecnolog\u00eda Led, que tuvo una inversi\u00f3n compartida del ministerio de Vivienda y Urbanismo y del municipio de Ovalle, que alcanz\u00f3 los 87 millones de pesos.<\/p>\n<p>Tras esto, se realiz\u00f3 el denominado \u201cHito Inaugural\u201d, que no se hab\u00eda podido llevar a cabo producto de las restricciones de la pandemia. Con esta ceremonia, que se efectu\u00f3 en la plaza central de la poblaci\u00f3n, se dio paso a la Fase 2 del programa, que contempla trabajos de gesti\u00f3n social, como talleres gratuitos enfocados en el mejoramiento de la convivencia vecinal, de dirigencia y liderazgo, lo que se complementa con actividades en las que se potenciar\u00e1 las habilidades de los vecinos.<br \/>\nEn lo referente a las obras, estas se encuentran en etapa de dise\u00f1o y se ejecutar\u00edan en el periodo 2022-2023. Los proyectos priorizados por los vecinos, en jornadas de participaci\u00f3n ciudadana, fueron la pavimentaci\u00f3n de la plaza Los Nogales, el mejoramiento de circulaciones peatonales, el mejoramiento de multicancha del sector, la recuperaci\u00f3n de la plazoleta Los Gladiolos, la construcci\u00f3n de la plaza Los Geranios y la construcci\u00f3n de refugios peatonales. La inversi\u00f3n total de estas intervenciones ser\u00e1 de 490 millones de pesos.<\/p>\n<p>La secretaria del Consejo Vecinal de Desarrollo (CVD) de la poblaci\u00f3n 8 de julio, Sara N\u00fa\u00f1ez, indic\u00f3 que es muy valorable el trabajo del programa Quiero MI Barrio porque \u201cestamos viendo avances que esper\u00e1bamos por a\u00f1os y que han sido trabajados en conjunto entre el equipo del programa, el municipio y nosotros como vecinos, lo que es sumamente importante. Estamos muy orgullosos, porque ya tenemos nuevas luminarias y pronto veremos materializadas las nuevas obras\u201d.<br \/>\nEn tanto, el secretario t\u00e9cnico del programa Quiero MI Barrio, Gonz\u00e1lo G\u00e1lvez, sostuvo que en la actualidad \u201cse est\u00e1 desarrollando el Plan Maestro con las obras que escogieron los vecinos. Estamos en proceso de revisi\u00f3n en el Serviu y en el ministerio de Desarrollo Social para realizar el proceso de aprobaci\u00f3n de los fondos, que si bien est\u00e1n aprobados, deben seguir todos los conductos regulares para que sean entregados e iniciar los procesos de licitaci\u00f3n de las futuras obras\u201d.<\/p>\n<p>El alcalde de Ovalle, Claudio Renter\u00eda indic\u00f3 que estas intervenciones apuntan \u201ca mejorar la calidad de vida de los vecinos, a trav\u00e9s de obras de un alto valor social y lo m\u00e1s importante es que son priorizadas por ellos, de acuerdo a sus necesidades. Comenzamos con la \u201cObra de Confianza\u201d que fue la instalaci\u00f3n de iluminaci\u00f3n LED y continuaremos con el mejoramiento principalmente de \u00e1reas de recreaci\u00f3n, para los habitantes de la poblaci\u00f3n 8 de julio\u201d.<\/p>\n<p>Junto con este trabajo, en septiembre se realiz\u00f3 la postulaci\u00f3n de 31 proyectos de mejoramiento de viviendas y de la sede social del sector a los subsidios del programa DS 27 del Serviu. Todas las actividades y obras a ejecutarse en 8 de julio tienen el objetivo la recuperaci\u00f3n del equipamiento comunitario y espacios p\u00fablicos y a trav\u00e9s de esta intervenci\u00f3n el mejoramiento de la calidad de vida de todos sus vecinos.<\/p>\n<p>&nbsp;<\/p>\n","protected":false},"excerpt":{"rendered":"<p>Tras la realizaci\u00f3n del \u201cHito inaugural\u201d de la iniciativa, que se desarrolla gracias a un trabajo conjunto entre el municipio de Ovalle y el ministerio de Vivienda y Urbanismo, se inici\u00f3 la Fase II, donde se trabajar\u00e1 en las obras priorizadas por los vecinos, donde destaca el mejoramiento de su multicancha y de la plazoleta &#8230;<\/p>\n","protected":false},"author":2,"featured_media":6125,"comment_status":"open","ping_status":"open","sticky":false,"template":"","format":"standard","meta":{"footnotes":""},"categories":[5],"tags":[],"class_list":["post-6124","post","type-post","status-publish","format-standard","has-post-thumbnail","hentry","category-actualidad-limarina"],"_links":{"self":[{"href":"https:\/\/www.radiolimari.cl\/index.php?rest_route=\/wp\/v2\/posts\/6124","targetHints":{"allow":["GET"]}}],"collection":[{"href":"https:\/\/www.radiolimari.cl\/index.php?rest_route=\/wp\/v2\/posts"}],"about":[{"href":"https:\/\/www.radiolimari.cl\/index.php?rest_route=\/wp\/v2\/types\/post"}],"author":[{"embeddable":true,"href":"https:\/\/www.radiolimari.cl\/index.php?rest_route=\/wp\/v2\/users\/2"}],"replies":[{"embeddable":true,"href":"https:\/\/www.radiolimari.cl\/index.php?rest_route=%2Fwp%2Fv2%2Fcomments&post=6124"}],"version-history":[{"count":1,"href":"https:\/\/www.radiolimari.cl\/index.php?rest_route=\/wp\/v2\/posts\/6124\/revisions"}],"predecessor-version":[{"id":6126,"href":"https:\/\/www.radiolimari.cl\/index.php?rest_route=\/wp\/v2\/posts\/6124\/revisions\/6126"}],"wp:featuredmedia":[{"embeddable":true,"href":"https:\/\/www.radiolimari.cl\/index.php?rest_route=\/wp\/v2\/media\/6125"}],"wp:attachment":[{"href":"https:\/\/www.radiolimari.cl\/index.php?rest_route=%2Fwp%2Fv2%2Fmedia&parent=6124"}],"wp:term":[{"taxonomy":"category","embeddable":true,"href":"https:\/\/www.radiolimari.cl\/index.php?rest_route=%2Fwp%2Fv2%2Fcategories&post=6124"},{"taxonomy":"post_tag","embeddable":true,"href":"https:\/\/www.radiolimari.cl\/index.php?rest_route=%2Fwp%2Fv2%2Ftags&post=6124"}],"curies":[{"name":"wp","href":"https:\/\/api.w.org\/{rel}","templated":true}]}}