{"id":6121,"date":"2021-10-27T15:05:53","date_gmt":"2021-10-27T15:05:53","guid":{"rendered":"http:\/\/www.radiolimari.cl\/?p=6121"},"modified":"2021-10-27T15:05:53","modified_gmt":"2021-10-27T15:05:53","slug":"31-anos-de-historia-celebra-fundacion-integra","status":"publish","type":"post","link":"https:\/\/www.radiolimari.cl\/?p=6121","title":{"rendered":"31 a\u00f1os de historia celebra Fundaci\u00f3n Integra"},"content":{"rendered":"<p><a href=\"https:\/\/www.radiolimari.cl\/wp-content\/uploads\/2021\/10\/27.10-Saludos-de-jardines-002.jpg\"><img fetchpriority=\"high\" decoding=\"async\" class=\"alignnone size-medium wp-image-6122\" src=\"https:\/\/www.radiolimari.cl\/wp-content\/uploads\/2021\/10\/27.10-Saludos-de-jardines-002-300x167.jpg\" alt=\"27.10 Saludos de jardines 002\" width=\"300\" height=\"167\" srcset=\"https:\/\/www.radiolimari.cl\/wp-content\/uploads\/2021\/10\/27.10-Saludos-de-jardines-002-300x167.jpg 300w, https:\/\/www.radiolimari.cl\/wp-content\/uploads\/2021\/10\/27.10-Saludos-de-jardines-002-1024x571.jpg 1024w, https:\/\/www.radiolimari.cl\/wp-content\/uploads\/2021\/10\/27.10-Saludos-de-jardines-002.jpg 1353w\" sizes=\"(max-width: 300px) 100vw, 300px\" \/><\/a><\/p>\n<p>L<b style=\"color: #222222;\">a instituci\u00f3n educativa conmemor\u00f3 la ocasi\u00f3n en cada uno de sus jardines infantiles y con una transmisi\u00f3n online<\/b><!--more--><\/p>\n<p style=\"font-weight: 400;\">En cada uno de los 63 jardines infantiles y salas cuna de Fundaci\u00f3n Integra de la Regi\u00f3n de Coquimbo se vivieron diversas celebraciones con motivo de la conmemoraci\u00f3n de su 31\u00b0 aniversario.<\/p>\n<p style=\"font-weight: 400;\">Debido a la pandemia, nuevamente este a\u00f1o las actividades se desarrollaron contemplando las medidas sanitarias y preventivas, por ello, el encuentro principal se llev\u00f3 a cabo de forma remota a trav\u00e9s de una transmisi\u00f3n online, en la cual las comunidades educativas pudieron enviar sus saludos y compartir pese a la distancia.<\/p>\n<p style=\"font-weight: 400;\">Javiera Adaro, Directora Regional, salud\u00f3 a los ni\u00f1os y ni\u00f1as, equipos de trabajo y familias, y valor\u00f3 la importancia de poder detenerse y recordar hitos relevantes como este cumplea\u00f1os. \u201cHan sido tiempos dif\u00edciles en todo el mundo, pero sentimos tanto orgullo por el trabajo que hacemos en Integra, que debemos celebrar este nuevo a\u00f1o de compromiso, de dedicaci\u00f3n y de vocaci\u00f3n por parte de todos quienes nos entregamos por completo a esta tarea de educar a ni\u00f1os y ni\u00f1as desde sus primeros a\u00f1os\u201d, sostuvo.<\/p>\n<p style=\"font-weight: 400;\">En la transmisi\u00f3n online fue posible reconocer a 91 trabajadoras y trabajadores que cumplieron 15 a\u00f1os de trayectoria y a quienes fueron merecedores del \u201cPremio Valor Integra 2021\u201d, la secretaria Sandra Zavala, y el \u201cPremio Teresa Gonz\u00e1lez Santander 2021\u201d, la asistente de p\u00e1rvulos Solange Maldonado. Esta \u00faltima distinci\u00f3n se otorga en memoria de quien fuera una destacada educadora de Integra, fallecida hace 10 a\u00f1os.<\/p>\n","protected":false},"excerpt":{"rendered":"<p>La instituci\u00f3n educativa conmemor\u00f3 la ocasi\u00f3n en cada uno de sus jardines infantiles y con una transmisi\u00f3n online<\/p>\n","protected":false},"author":2,"featured_media":6122,"comment_status":"open","ping_status":"open","sticky":false,"template":"","format":"standard","meta":{"footnotes":""},"categories":[3],"tags":[],"class_list":["post-6121","post","type-post","status-publish","format-standard","has-post-thumbnail","hentry","category-actualidad"],"_links":{"self":[{"href":"https:\/\/www.radiolimari.cl\/index.php?rest_route=\/wp\/v2\/posts\/6121","targetHints":{"allow":["GET"]}}],"collection":[{"href":"https:\/\/www.radiolimari.cl\/index.php?rest_route=\/wp\/v2\/posts"}],"about":[{"href":"https:\/\/www.radiolimari.cl\/index.php?rest_route=\/wp\/v2\/types\/post"}],"author":[{"embeddable":true,"href":"https:\/\/www.radiolimari.cl\/index.php?rest_route=\/wp\/v2\/users\/2"}],"replies":[{"embeddable":true,"href":"https:\/\/www.radiolimari.cl\/index.php?rest_route=%2Fwp%2Fv2%2Fcomments&post=6121"}],"version-history":[{"count":1,"href":"https:\/\/www.radiolimari.cl\/index.php?rest_route=\/wp\/v2\/posts\/6121\/revisions"}],"predecessor-version":[{"id":6123,"href":"https:\/\/www.radiolimari.cl\/index.php?rest_route=\/wp\/v2\/posts\/6121\/revisions\/6123"}],"wp:featuredmedia":[{"embeddable":true,"href":"https:\/\/www.radiolimari.cl\/index.php?rest_route=\/wp\/v2\/media\/6122"}],"wp:attachment":[{"href":"https:\/\/www.radiolimari.cl\/index.php?rest_route=%2Fwp%2Fv2%2Fmedia&parent=6121"}],"wp:term":[{"taxonomy":"category","embeddable":true,"href":"https:\/\/www.radiolimari.cl\/index.php?rest_route=%2Fwp%2Fv2%2Fcategories&post=6121"},{"taxonomy":"post_tag","embeddable":true,"href":"https:\/\/www.radiolimari.cl\/index.php?rest_route=%2Fwp%2Fv2%2Ftags&post=6121"}],"curies":[{"name":"wp","href":"https:\/\/api.w.org\/{rel}","templated":true}]}}